{"id":165,"date":"2019-05-03T08:36:20","date_gmt":"2019-05-03T08:36:20","guid":{"rendered":"http:\/\/arenesbellpuig.com\/?p=165"},"modified":"2021-01-26T14:00:43","modified_gmt":"2021-01-26T14:00:43","slug":"renovem-flota-millorem-servei","status":"publish","type":"post","link":"https:\/\/arenesbellpuig.com\/fr\/renovem-flota-millorem-servei\/","title":{"rendered":"Nous renouvelons la flotte, am\u00e9liorons le service"},"content":{"rendered":"<p>Depuis avril, cinq autres unit\u00e9s de transport, quatre tracteurs et un quatre essieux rigides sont en service afin de continuer \u00e0 offrir le meilleur service \u00e0 nos clients. Ces nouveaux v\u00e9hicules sont des camions \u00e0 la pointe de la technologie qui int\u00e8grent les syst\u00e8mes les plus avanc\u00e9s, les moteurs Euro VI et la transmission automatique, sont des v\u00e9hicules r\u00e9sistants et tr\u00e8s efficaces en consommation de carburant, plus respectueux de l&#8217;environnement. Ces ajouts consolident le changement de couleur, du rouge historique au blanc. L&#8217;objectif d&#8217;ARENES BELLPUIG est d&#8217;am\u00e9liorer l&#8217;image et l&#8217;efficacit\u00e9 de l&#8217;ensemble de la flotte, et \u00e0 cet effet, il est pr\u00e9vu de continuer \u00e0 renouveler les v\u00e9hicules dans les ann\u00e9es \u00e0 venir.<\/p>\n","protected":false},"excerpt":{"rendered":"<p>Depuis avril, cinq autres unit\u00e9s de transport, quatre tracteurs et un quatre essieux rigides sont en service afin de continuer \u00e0 offrir le meilleur service \u00e0 nos clients. Ces nouveaux v\u00e9hicules sont des camions \u00e0 la pointe de la technologie qui int\u00e8grent les syst\u00e8mes les plus avanc\u00e9s, les moteurs Euro VI et la transmission automatique, &#8230; <a title=\"Nous renouvelons la flotte, am\u00e9liorons le service\" class=\"read-more\" href=\"https:\/\/arenesbellpuig.com\/fr\/renovem-flota-millorem-servei\/\" aria-label=\"M\u00e9s informaci\u00f3 sobre Nous renouvelons la flotte, am\u00e9liorons le service\">Llegiu m\u00e9s<\/a><\/p>\n","protected":false},"author":1,"featured_media":1989,"comment_status":"open","ping_status":"open","sticky":false,"template":"","format":"standard","meta":{"_acf_changed":false,"_monsterinsights_skip_tracking":false,"_monsterinsights_sitenote_active":false,"_monsterinsights_sitenote_note":"","_monsterinsights_sitenote_category":0,"footnotes":""},"categories":[1],"tags":[],"class_list":["post-165","post","type-post","status-publish","format-standard","has-post-thumbnail","hentry","category-sin-categoria"],"acf":[],"yoast_head":"<!-- This site is optimized with the Yoast SEO plugin v27.3 - https:\/\/yoast.com\/product\/yoast-seo-wordpress\/ -->\n<title>Nous renouvelons la flotte, am\u00e9liorons le service - Arenes Bellpuig FR<\/title>\n<meta name=\"robots\" content=\"index, follow, max-snippet:-1, max-image-preview:large, max-video-preview:-1\" \/>\n<link rel=\"canonical\" href=\"https:\/\/arenesbellpuig.com\/fr\/renovem-flota-millorem-servei\/\" \/>\n<meta property=\"og:locale\" content=\"ca_ES\" \/>\n<meta property=\"og:type\" content=\"article\" \/>\n<meta property=\"og:title\" content=\"Nous renouvelons la flotte, am\u00e9liorons le service - Arenes Bellpuig FR\" \/>\n<meta property=\"og:description\" content=\"Depuis avril, cinq autres unit\u00e9s de transport, quatre tracteurs et un quatre essieux rigides sont en service afin de continuer \u00e0 offrir le meilleur service \u00e0 nos clients. Ces nouveaux v\u00e9hicules sont des camions \u00e0 la pointe de la technologie qui int\u00e8grent les syst\u00e8mes les plus avanc\u00e9s, les moteurs Euro VI et la transmission automatique, ... Llegiu m\u00e9s\" \/>\n<meta property=\"og:url\" content=\"https:\/\/arenesbellpuig.com\/fr\/renovem-flota-millorem-servei\/\" \/>\n<meta property=\"og:site_name\" content=\"Arenes Bellpuig FR\" \/>\n<meta property=\"article:published_time\" content=\"2019-05-03T08:36:20+00:00\" \/>\n<meta property=\"article:modified_time\" content=\"2021-01-26T14:00:43+00:00\" \/>\n<meta property=\"og:image\" content=\"https:\/\/arenesbellpuig.com\/fr\/wp-content\/uploads\/sites\/4\/2019\/04\/nous-vehicles-arenes-bellpuig.jpg\" \/>\n\t<meta property=\"og:image:width\" content=\"750\" \/>\n\t<meta property=\"og:image:height\" content=\"360\" \/>\n\t<meta property=\"og:image:type\" content=\"image\/jpeg\" \/>\n<meta name=\"author\" content=\"up2you\" \/>\n<meta name=\"twitter:card\" content=\"summary_large_image\" \/>\n<meta name=\"twitter:label1\" content=\"Escrit per\" \/>\n\t<meta name=\"twitter:data1\" content=\"up2you\" \/>\n\t<meta name=\"twitter:label2\" content=\"Temps estimat de lectura\" \/>\n\t<meta name=\"twitter:data2\" content=\"1 minut\" \/>\n<script type=\"application\/ld+json\" class=\"yoast-schema-graph\">{\"@context\":\"https:\\\/\\\/schema.org\",\"@graph\":[{\"@type\":\"Article\",\"@id\":\"https:\\\/\\\/arenesbellpuig.com\\\/fr\\\/renovem-flota-millorem-servei\\\/#article\",\"isPartOf\":{\"@id\":\"https:\\\/\\\/arenesbellpuig.com\\\/fr\\\/renovem-flota-millorem-servei\\\/\"},\"author\":{\"name\":\"up2you\",\"@id\":\"https:\\\/\\\/arenesbellpuig.com\\\/fr\\\/#\\\/schema\\\/person\\\/2072a83128e7e04ef7e4b4d5e4a75e73\"},\"headline\":\"Nous renouvelons la flotte, am\u00e9liorons le service\",\"datePublished\":\"2019-05-03T08:36:20+00:00\",\"dateModified\":\"2021-01-26T14:00:43+00:00\",\"mainEntityOfPage\":{\"@id\":\"https:\\\/\\\/arenesbellpuig.com\\\/fr\\\/renovem-flota-millorem-servei\\\/\"},\"wordCount\":134,\"commentCount\":0,\"publisher\":{\"@id\":\"https:\\\/\\\/arenesbellpuig.com\\\/fr\\\/#organization\"},\"image\":{\"@id\":\"https:\\\/\\\/arenesbellpuig.com\\\/fr\\\/renovem-flota-millorem-servei\\\/#primaryimage\"},\"thumbnailUrl\":\"https:\\\/\\\/arenesbellpuig.com\\\/fr\\\/wp-content\\\/uploads\\\/sites\\\/4\\\/2019\\\/04\\\/nous-vehicles-arenes-bellpuig.jpg\",\"articleSection\":[\"Sin categor\u00eda\"],\"inLanguage\":\"ca\",\"potentialAction\":[{\"@type\":\"CommentAction\",\"name\":\"Comment\",\"target\":[\"https:\\\/\\\/arenesbellpuig.com\\\/fr\\\/renovem-flota-millorem-servei\\\/#respond\"]}]},{\"@type\":\"WebPage\",\"@id\":\"https:\\\/\\\/arenesbellpuig.com\\\/fr\\\/renovem-flota-millorem-servei\\\/\",\"url\":\"https:\\\/\\\/arenesbellpuig.com\\\/fr\\\/renovem-flota-millorem-servei\\\/\",\"name\":\"Nous renouvelons la flotte, am\u00e9liorons le service - Arenes Bellpuig FR\",\"isPartOf\":{\"@id\":\"https:\\\/\\\/arenesbellpuig.com\\\/fr\\\/#website\"},\"primaryImageOfPage\":{\"@id\":\"https:\\\/\\\/arenesbellpuig.com\\\/fr\\\/renovem-flota-millorem-servei\\\/#primaryimage\"},\"image\":{\"@id\":\"https:\\\/\\\/arenesbellpuig.com\\\/fr\\\/renovem-flota-millorem-servei\\\/#primaryimage\"},\"thumbnailUrl\":\"https:\\\/\\\/arenesbellpuig.com\\\/fr\\\/wp-content\\\/uploads\\\/sites\\\/4\\\/2019\\\/04\\\/nous-vehicles-arenes-bellpuig.jpg\",\"datePublished\":\"2019-05-03T08:36:20+00:00\",\"dateModified\":\"2021-01-26T14:00:43+00:00\",\"breadcrumb\":{\"@id\":\"https:\\\/\\\/arenesbellpuig.com\\\/fr\\\/renovem-flota-millorem-servei\\\/#breadcrumb\"},\"inLanguage\":\"ca\",\"potentialAction\":[{\"@type\":\"ReadAction\",\"target\":[\"https:\\\/\\\/arenesbellpuig.com\\\/fr\\\/renovem-flota-millorem-servei\\\/\"]}]},{\"@type\":\"ImageObject\",\"inLanguage\":\"ca\",\"@id\":\"https:\\\/\\\/arenesbellpuig.com\\\/fr\\\/renovem-flota-millorem-servei\\\/#primaryimage\",\"url\":\"https:\\\/\\\/arenesbellpuig.com\\\/fr\\\/wp-content\\\/uploads\\\/sites\\\/4\\\/2019\\\/04\\\/nous-vehicles-arenes-bellpuig.jpg\",\"contentUrl\":\"https:\\\/\\\/arenesbellpuig.com\\\/fr\\\/wp-content\\\/uploads\\\/sites\\\/4\\\/2019\\\/04\\\/nous-vehicles-arenes-bellpuig.jpg\",\"width\":750,\"height\":360},{\"@type\":\"BreadcrumbList\",\"@id\":\"https:\\\/\\\/arenesbellpuig.com\\\/fr\\\/renovem-flota-millorem-servei\\\/#breadcrumb\",\"itemListElement\":[{\"@type\":\"ListItem\",\"position\":1,\"name\":\"Portada\",\"item\":\"https:\\\/\\\/arenesbellpuig.com\\\/fr\\\/\"},{\"@type\":\"ListItem\",\"position\":2,\"name\":\"Nous renouvelons la flotte, am\u00e9liorons le service\"}]},{\"@type\":\"WebSite\",\"@id\":\"https:\\\/\\\/arenesbellpuig.com\\\/fr\\\/#website\",\"url\":\"https:\\\/\\\/arenesbellpuig.com\\\/fr\\\/\",\"name\":\"Arenes Bellpuig FR\",\"description\":\"\u00c0rids i Morter\",\"publisher\":{\"@id\":\"https:\\\/\\\/arenesbellpuig.com\\\/fr\\\/#organization\"},\"potentialAction\":[{\"@type\":\"SearchAction\",\"target\":{\"@type\":\"EntryPoint\",\"urlTemplate\":\"https:\\\/\\\/arenesbellpuig.com\\\/fr\\\/?s={search_term_string}\"},\"query-input\":{\"@type\":\"PropertyValueSpecification\",\"valueRequired\":true,\"valueName\":\"search_term_string\"}}],\"inLanguage\":\"ca\"},{\"@type\":\"Organization\",\"@id\":\"https:\\\/\\\/arenesbellpuig.com\\\/fr\\\/#organization\",\"name\":\"Arenes Bellpuig FR\",\"url\":\"https:\\\/\\\/arenesbellpuig.com\\\/fr\\\/\",\"logo\":{\"@type\":\"ImageObject\",\"inLanguage\":\"ca\",\"@id\":\"https:\\\/\\\/arenesbellpuig.com\\\/fr\\\/#\\\/schema\\\/logo\\\/image\\\/\",\"url\":\"https:\\\/\\\/arenesbellpuig.com\\\/fr\\\/wp-content\\\/uploads\\\/sites\\\/4\\\/2023\\\/06\\\/cropped-00.-ARENES-BELLPUIG-1.png\",\"contentUrl\":\"https:\\\/\\\/arenesbellpuig.com\\\/fr\\\/wp-content\\\/uploads\\\/sites\\\/4\\\/2023\\\/06\\\/cropped-00.-ARENES-BELLPUIG-1.png\",\"width\":400,\"height\":129,\"caption\":\"Arenes Bellpuig FR\"},\"image\":{\"@id\":\"https:\\\/\\\/arenesbellpuig.com\\\/fr\\\/#\\\/schema\\\/logo\\\/image\\\/\"}},{\"@type\":\"Person\",\"@id\":\"https:\\\/\\\/arenesbellpuig.com\\\/fr\\\/#\\\/schema\\\/person\\\/2072a83128e7e04ef7e4b4d5e4a75e73\",\"name\":\"up2you\",\"image\":{\"@type\":\"ImageObject\",\"inLanguage\":\"ca\",\"@id\":\"https:\\\/\\\/secure.gravatar.com\\\/avatar\\\/26aac4a3e8f48bc9bd14eafffc238823e10e8b8a32106379ffa10e4850a0eabd?s=96&d=mm&r=g\",\"url\":\"https:\\\/\\\/secure.gravatar.com\\\/avatar\\\/26aac4a3e8f48bc9bd14eafffc238823e10e8b8a32106379ffa10e4850a0eabd?s=96&d=mm&r=g\",\"contentUrl\":\"https:\\\/\\\/secure.gravatar.com\\\/avatar\\\/26aac4a3e8f48bc9bd14eafffc238823e10e8b8a32106379ffa10e4850a0eabd?s=96&d=mm&r=g\",\"caption\":\"up2you\"},\"url\":\"https:\\\/\\\/arenesbellpuig.com\\\/fr\\\/author\\\/up2you\\\/\"}]}<\/script>\n<!-- \/ Yoast SEO plugin. -->","yoast_head_json":{"title":"Nous renouvelons la flotte, am\u00e9liorons le service - Arenes Bellpuig FR","robots":{"index":"index","follow":"follow","max-snippet":"max-snippet:-1","max-image-preview":"max-image-preview:large","max-video-preview":"max-video-preview:-1"},"canonical":"https:\/\/arenesbellpuig.com\/fr\/renovem-flota-millorem-servei\/","og_locale":"ca_ES","og_type":"article","og_title":"Nous renouvelons la flotte, am\u00e9liorons le service - Arenes Bellpuig FR","og_description":"Depuis avril, cinq autres unit\u00e9s de transport, quatre tracteurs et un quatre essieux rigides sont en service afin de continuer \u00e0 offrir le meilleur service \u00e0 nos clients. Ces nouveaux v\u00e9hicules sont des camions \u00e0 la pointe de la technologie qui int\u00e8grent les syst\u00e8mes les plus avanc\u00e9s, les moteurs Euro VI et la transmission automatique, ... Llegiu m\u00e9s","og_url":"https:\/\/arenesbellpuig.com\/fr\/renovem-flota-millorem-servei\/","og_site_name":"Arenes Bellpuig FR","article_published_time":"2019-05-03T08:36:20+00:00","article_modified_time":"2021-01-26T14:00:43+00:00","og_image":[{"width":750,"height":360,"url":"https:\/\/arenesbellpuig.com\/fr\/wp-content\/uploads\/sites\/4\/2019\/04\/nous-vehicles-arenes-bellpuig.jpg","type":"image\/jpeg"}],"author":"up2you","twitter_card":"summary_large_image","twitter_misc":{"Escrit per":"up2you","Temps estimat de lectura":"1 minut"},"schema":{"@context":"https:\/\/schema.org","@graph":[{"@type":"Article","@id":"https:\/\/arenesbellpuig.com\/fr\/renovem-flota-millorem-servei\/#article","isPartOf":{"@id":"https:\/\/arenesbellpuig.com\/fr\/renovem-flota-millorem-servei\/"},"author":{"name":"up2you","@id":"https:\/\/arenesbellpuig.com\/fr\/#\/schema\/person\/2072a83128e7e04ef7e4b4d5e4a75e73"},"headline":"Nous renouvelons la flotte, am\u00e9liorons le service","datePublished":"2019-05-03T08:36:20+00:00","dateModified":"2021-01-26T14:00:43+00:00","mainEntityOfPage":{"@id":"https:\/\/arenesbellpuig.com\/fr\/renovem-flota-millorem-servei\/"},"wordCount":134,"commentCount":0,"publisher":{"@id":"https:\/\/arenesbellpuig.com\/fr\/#organization"},"image":{"@id":"https:\/\/arenesbellpuig.com\/fr\/renovem-flota-millorem-servei\/#primaryimage"},"thumbnailUrl":"https:\/\/arenesbellpuig.com\/fr\/wp-content\/uploads\/sites\/4\/2019\/04\/nous-vehicles-arenes-bellpuig.jpg","articleSection":["Sin categor\u00eda"],"inLanguage":"ca","potentialAction":[{"@type":"CommentAction","name":"Comment","target":["https:\/\/arenesbellpuig.com\/fr\/renovem-flota-millorem-servei\/#respond"]}]},{"@type":"WebPage","@id":"https:\/\/arenesbellpuig.com\/fr\/renovem-flota-millorem-servei\/","url":"https:\/\/arenesbellpuig.com\/fr\/renovem-flota-millorem-servei\/","name":"Nous renouvelons la flotte, am\u00e9liorons le service - Arenes Bellpuig FR","isPartOf":{"@id":"https:\/\/arenesbellpuig.com\/fr\/#website"},"primaryImageOfPage":{"@id":"https:\/\/arenesbellpuig.com\/fr\/renovem-flota-millorem-servei\/#primaryimage"},"image":{"@id":"https:\/\/arenesbellpuig.com\/fr\/renovem-flota-millorem-servei\/#primaryimage"},"thumbnailUrl":"https:\/\/arenesbellpuig.com\/fr\/wp-content\/uploads\/sites\/4\/2019\/04\/nous-vehicles-arenes-bellpuig.jpg","datePublished":"2019-05-03T08:36:20+00:00","dateModified":"2021-01-26T14:00:43+00:00","breadcrumb":{"@id":"https:\/\/arenesbellpuig.com\/fr\/renovem-flota-millorem-servei\/#breadcrumb"},"inLanguage":"ca","potentialAction":[{"@type":"ReadAction","target":["https:\/\/arenesbellpuig.com\/fr\/renovem-flota-millorem-servei\/"]}]},{"@type":"ImageObject","inLanguage":"ca","@id":"https:\/\/arenesbellpuig.com\/fr\/renovem-flota-millorem-servei\/#primaryimage","url":"https:\/\/arenesbellpuig.com\/fr\/wp-content\/uploads\/sites\/4\/2019\/04\/nous-vehicles-arenes-bellpuig.jpg","contentUrl":"https:\/\/arenesbellpuig.com\/fr\/wp-content\/uploads\/sites\/4\/2019\/04\/nous-vehicles-arenes-bellpuig.jpg","width":750,"height":360},{"@type":"BreadcrumbList","@id":"https:\/\/arenesbellpuig.com\/fr\/renovem-flota-millorem-servei\/#breadcrumb","itemListElement":[{"@type":"ListItem","position":1,"name":"Portada","item":"https:\/\/arenesbellpuig.com\/fr\/"},{"@type":"ListItem","position":2,"name":"Nous renouvelons la flotte, am\u00e9liorons le service"}]},{"@type":"WebSite","@id":"https:\/\/arenesbellpuig.com\/fr\/#website","url":"https:\/\/arenesbellpuig.com\/fr\/","name":"Arenes Bellpuig FR","description":"\u00c0rids i Morter","publisher":{"@id":"https:\/\/arenesbellpuig.com\/fr\/#organization"},"potentialAction":[{"@type":"SearchAction","target":{"@type":"EntryPoint","urlTemplate":"https:\/\/arenesbellpuig.com\/fr\/?s={search_term_string}"},"query-input":{"@type":"PropertyValueSpecification","valueRequired":true,"valueName":"search_term_string"}}],"inLanguage":"ca"},{"@type":"Organization","@id":"https:\/\/arenesbellpuig.com\/fr\/#organization","name":"Arenes Bellpuig FR","url":"https:\/\/arenesbellpuig.com\/fr\/","logo":{"@type":"ImageObject","inLanguage":"ca","@id":"https:\/\/arenesbellpuig.com\/fr\/#\/schema\/logo\/image\/","url":"https:\/\/arenesbellpuig.com\/fr\/wp-content\/uploads\/sites\/4\/2023\/06\/cropped-00.-ARENES-BELLPUIG-1.png","contentUrl":"https:\/\/arenesbellpuig.com\/fr\/wp-content\/uploads\/sites\/4\/2023\/06\/cropped-00.-ARENES-BELLPUIG-1.png","width":400,"height":129,"caption":"Arenes Bellpuig FR"},"image":{"@id":"https:\/\/arenesbellpuig.com\/fr\/#\/schema\/logo\/image\/"}},{"@type":"Person","@id":"https:\/\/arenesbellpuig.com\/fr\/#\/schema\/person\/2072a83128e7e04ef7e4b4d5e4a75e73","name":"up2you","image":{"@type":"ImageObject","inLanguage":"ca","@id":"https:\/\/secure.gravatar.com\/avatar\/26aac4a3e8f48bc9bd14eafffc238823e10e8b8a32106379ffa10e4850a0eabd?s=96&d=mm&r=g","url":"https:\/\/secure.gravatar.com\/avatar\/26aac4a3e8f48bc9bd14eafffc238823e10e8b8a32106379ffa10e4850a0eabd?s=96&d=mm&r=g","contentUrl":"https:\/\/secure.gravatar.com\/avatar\/26aac4a3e8f48bc9bd14eafffc238823e10e8b8a32106379ffa10e4850a0eabd?s=96&d=mm&r=g","caption":"up2you"},"url":"https:\/\/arenesbellpuig.com\/fr\/author\/up2you\/"}]}},"_links":{"self":[{"href":"https:\/\/arenesbellpuig.com\/fr\/wp-json\/wp\/v2\/posts\/165","targetHints":{"allow":["GET"]}}],"collection":[{"href":"https:\/\/arenesbellpuig.com\/fr\/wp-json\/wp\/v2\/posts"}],"about":[{"href":"https:\/\/arenesbellpuig.com\/fr\/wp-json\/wp\/v2\/types\/post"}],"author":[{"embeddable":true,"href":"https:\/\/arenesbellpuig.com\/fr\/wp-json\/wp\/v2\/users\/1"}],"replies":[{"embeddable":true,"href":"https:\/\/arenesbellpuig.com\/fr\/wp-json\/wp\/v2\/comments?post=165"}],"version-history":[{"count":10,"href":"https:\/\/arenesbellpuig.com\/fr\/wp-json\/wp\/v2\/posts\/165\/revisions"}],"predecessor-version":[{"id":2707,"href":"https:\/\/arenesbellpuig.com\/fr\/wp-json\/wp\/v2\/posts\/165\/revisions\/2707"}],"wp:featuredmedia":[{"embeddable":true,"href":"https:\/\/arenesbellpuig.com\/fr\/wp-json\/wp\/v2\/media\/1989"}],"wp:attachment":[{"href":"https:\/\/arenesbellpuig.com\/fr\/wp-json\/wp\/v2\/media?parent=165"}],"wp:term":[{"taxonomy":"category","embeddable":true,"href":"https:\/\/arenesbellpuig.com\/fr\/wp-json\/wp\/v2\/categories?post=165"},{"taxonomy":"post_tag","embeddable":true,"href":"https:\/\/arenesbellpuig.com\/fr\/wp-json\/wp\/v2\/tags?post=165"}],"curies":[{"name":"wp","href":"https:\/\/api.w.org\/{rel}","templated":true}]}}