{"id":2901,"date":"2023-12-14T08:36:48","date_gmt":"2023-12-14T08:36:48","guid":{"rendered":"https:\/\/arenesbellpuig.com\/es\/?p=2901"},"modified":"2023-12-14T08:37:06","modified_gmt":"2023-12-14T08:37:06","slug":"avanzamos-futuro-solar-fotovoltaico","status":"publish","type":"post","link":"https:\/\/arenesbellpuig.com\/es\/avanzamos-futuro-solar-fotovoltaico\/","title":{"rendered":"Avanzamos hacia un futuro sostenible con una nueva planta solar fotovoltaica"},"content":{"rendered":"<p>Inauguramos la nueva planta solar fotovoltaica en nuestras instalaciones de Bellpuig, con una <strong>superficie de 2.000 m\u00b2 y 952 paneles<\/strong> de 540\u00a0Wp\u00a0y una capacidad total de 514,04\u00a0kWp, la instalaci\u00f3n generar\u00e1 aproximadamente 820.650,31 kWh de energ\u00eda anualmente.<\/p>\n<p>Este proyecto cubre dos objetivos, por un lado, la eficiencia energ\u00e9tica dado que permitir\u00e1 cubrir pr\u00e1cticamente todo el consumo energ\u00e9tico de la explotaci\u00f3n de Bellpuig y, por otro lado, la reducci\u00f3n del impacto ambiental. En cuanto a su construcci\u00f3n, ha sido concebida desde el inicio pensante en su integraci\u00f3n \u00f3ptima con el entorno.<\/p>\n<p>Desde Arenas Bellpuig, logramos as\u00ed un nuevo hito en la orientaci\u00f3n hacia las acciones que promueven la sostenibilidad y el respeto por el medio ambiente, una iniciativa que contribuye a los objetivos de desarrollo sostenible 2030 de los\u00a0ODS.<\/p>\n<p><img fetchpriority=\"high\" decoding=\"async\" class=\"aligncenter wp-image-2903 size-full\" src=\"https:\/\/arenesbellpuig.com\/es\/wp-content\/uploads\/sites\/3\/2023\/12\/plaques_solars.jpg\" alt=\"\" width=\"900\" height=\"675\" srcset=\"https:\/\/arenesbellpuig.com\/es\/wp-content\/uploads\/sites\/3\/2023\/12\/plaques_solars.jpg 900w, https:\/\/arenesbellpuig.com\/es\/wp-content\/uploads\/sites\/3\/2023\/12\/plaques_solars-300x225.jpg 300w, https:\/\/arenesbellpuig.com\/es\/wp-content\/uploads\/sites\/3\/2023\/12\/plaques_solars-768x576.jpg 768w\" sizes=\"(max-width: 900px) 100vw, 900px\" \/><\/p>\n","protected":false},"excerpt":{"rendered":"<p>Inauguramos la nueva planta solar fotovoltaica en nuestras instalaciones de Bellpuig, con una superficie de 2.000 m\u00b2 y 952 paneles de 540\u00a0Wp\u00a0y una capacidad total de 514,04\u00a0kWp, la instalaci\u00f3n generar\u00e1 aproximadamente 820.650,31 kWh de energ\u00eda anualmente. Este proyecto cubre dos objetivos, por un lado, la eficiencia energ\u00e9tica dado que permitir\u00e1 cubrir pr\u00e1cticamente todo el consumo &#8230; <a title=\"Avanzamos hacia un futuro sostenible con una nueva planta solar fotovoltaica\" class=\"read-more\" href=\"https:\/\/arenesbellpuig.com\/es\/avanzamos-futuro-solar-fotovoltaico\/\" aria-label=\"Leer m\u00e1s sobre Avanzamos hacia un futuro sostenible con una nueva planta solar fotovoltaica\">Leer m\u00e1s<\/a><\/p>\n","protected":false},"author":4,"featured_media":2904,"comment_status":"open","ping_status":"open","sticky":false,"template":"","format":"standard","meta":{"_acf_changed":false,"_monsterinsights_skip_tracking":false,"_monsterinsights_sitenote_active":false,"_monsterinsights_sitenote_note":"","_monsterinsights_sitenote_category":0,"footnotes":""},"categories":[1],"tags":[],"class_list":["post-2901","post","type-post","status-publish","format-standard","has-post-thumbnail","hentry","category-sin-categoria"],"acf":[],"yoast_head":"<!-- This site is optimized with the Yoast SEO plugin v27.3 - https:\/\/yoast.com\/product\/yoast-seo-wordpress\/ -->\n<title>Avanzamos hacia un futuro sostenible con una nueva planta solar fotovoltaica - Arenes Bellpuig ES<\/title>\n<meta name=\"robots\" content=\"index, follow, max-snippet:-1, max-image-preview:large, max-video-preview:-1\" \/>\n<link rel=\"canonical\" href=\"https:\/\/arenesbellpuig.com\/es\/avanzamos-futuro-solar-fotovoltaico\/\" \/>\n<meta property=\"og:locale\" content=\"es_ES\" \/>\n<meta property=\"og:type\" content=\"article\" \/>\n<meta property=\"og:title\" content=\"Avanzamos hacia un futuro sostenible con una nueva planta solar fotovoltaica - Arenes Bellpuig ES\" \/>\n<meta property=\"og:description\" content=\"Inauguramos la nueva planta solar fotovoltaica en nuestras instalaciones de Bellpuig, con una superficie de 2.000 m\u00b2 y 952 paneles de 540\u00a0Wp\u00a0y una capacidad total de 514,04\u00a0kWp, la instalaci\u00f3n generar\u00e1 aproximadamente 820.650,31 kWh de energ\u00eda anualmente. Este proyecto cubre dos objetivos, por un lado, la eficiencia energ\u00e9tica dado que permitir\u00e1 cubrir pr\u00e1cticamente todo el consumo ... Leer m\u00e1s\" \/>\n<meta property=\"og:url\" content=\"https:\/\/arenesbellpuig.com\/es\/avanzamos-futuro-solar-fotovoltaico\/\" \/>\n<meta property=\"og:site_name\" content=\"Arenes Bellpuig ES\" \/>\n<meta property=\"article:published_time\" content=\"2023-12-14T08:36:48+00:00\" \/>\n<meta property=\"article:modified_time\" content=\"2023-12-14T08:37:06+00:00\" \/>\n<meta property=\"og:image\" content=\"https:\/\/arenesbellpuig.com\/es\/wp-content\/uploads\/sites\/3\/2023\/12\/Plaques_solars1.jpg\" \/>\n\t<meta property=\"og:image:width\" content=\"900\" \/>\n\t<meta property=\"og:image:height\" content=\"675\" \/>\n\t<meta property=\"og:image:type\" content=\"image\/jpeg\" \/>\n<meta name=\"author\" content=\"webmaster\" \/>\n<meta name=\"twitter:card\" content=\"summary_large_image\" \/>\n<meta name=\"twitter:label1\" content=\"Escrito por\" \/>\n\t<meta name=\"twitter:data1\" content=\"webmaster\" \/>\n\t<meta name=\"twitter:label2\" content=\"Tiempo de lectura\" \/>\n\t<meta name=\"twitter:data2\" content=\"1 minuto\" \/>\n<script type=\"application\/ld+json\" class=\"yoast-schema-graph\">{\"@context\":\"https:\\\/\\\/schema.org\",\"@graph\":[{\"@type\":\"Article\",\"@id\":\"https:\\\/\\\/arenesbellpuig.com\\\/es\\\/avanzamos-futuro-solar-fotovoltaico\\\/#article\",\"isPartOf\":{\"@id\":\"https:\\\/\\\/arenesbellpuig.com\\\/es\\\/avanzamos-futuro-solar-fotovoltaico\\\/\"},\"author\":{\"name\":\"webmaster\",\"@id\":\"https:\\\/\\\/arenesbellpuig.com\\\/es\\\/#\\\/schema\\\/person\\\/31fe1b99cf6415565abf72d5e8daa3e4\"},\"headline\":\"Avanzamos hacia un futuro sostenible con una nueva planta solar fotovoltaica\",\"datePublished\":\"2023-12-14T08:36:48+00:00\",\"dateModified\":\"2023-12-14T08:37:06+00:00\",\"mainEntityOfPage\":{\"@id\":\"https:\\\/\\\/arenesbellpuig.com\\\/es\\\/avanzamos-futuro-solar-fotovoltaico\\\/\"},\"wordCount\":146,\"commentCount\":0,\"publisher\":{\"@id\":\"https:\\\/\\\/arenesbellpuig.com\\\/es\\\/#organization\"},\"image\":{\"@id\":\"https:\\\/\\\/arenesbellpuig.com\\\/es\\\/avanzamos-futuro-solar-fotovoltaico\\\/#primaryimage\"},\"thumbnailUrl\":\"https:\\\/\\\/arenesbellpuig.com\\\/es\\\/wp-content\\\/uploads\\\/sites\\\/3\\\/2023\\\/12\\\/Plaques_solars1.jpg\",\"inLanguage\":\"es\",\"potentialAction\":[{\"@type\":\"CommentAction\",\"name\":\"Comment\",\"target\":[\"https:\\\/\\\/arenesbellpuig.com\\\/es\\\/avanzamos-futuro-solar-fotovoltaico\\\/#respond\"]}]},{\"@type\":\"WebPage\",\"@id\":\"https:\\\/\\\/arenesbellpuig.com\\\/es\\\/avanzamos-futuro-solar-fotovoltaico\\\/\",\"url\":\"https:\\\/\\\/arenesbellpuig.com\\\/es\\\/avanzamos-futuro-solar-fotovoltaico\\\/\",\"name\":\"Avanzamos hacia un futuro sostenible con una nueva planta solar fotovoltaica - Arenes Bellpuig ES\",\"isPartOf\":{\"@id\":\"https:\\\/\\\/arenesbellpuig.com\\\/es\\\/#website\"},\"primaryImageOfPage\":{\"@id\":\"https:\\\/\\\/arenesbellpuig.com\\\/es\\\/avanzamos-futuro-solar-fotovoltaico\\\/#primaryimage\"},\"image\":{\"@id\":\"https:\\\/\\\/arenesbellpuig.com\\\/es\\\/avanzamos-futuro-solar-fotovoltaico\\\/#primaryimage\"},\"thumbnailUrl\":\"https:\\\/\\\/arenesbellpuig.com\\\/es\\\/wp-content\\\/uploads\\\/sites\\\/3\\\/2023\\\/12\\\/Plaques_solars1.jpg\",\"datePublished\":\"2023-12-14T08:36:48+00:00\",\"dateModified\":\"2023-12-14T08:37:06+00:00\",\"breadcrumb\":{\"@id\":\"https:\\\/\\\/arenesbellpuig.com\\\/es\\\/avanzamos-futuro-solar-fotovoltaico\\\/#breadcrumb\"},\"inLanguage\":\"es\",\"potentialAction\":[{\"@type\":\"ReadAction\",\"target\":[\"https:\\\/\\\/arenesbellpuig.com\\\/es\\\/avanzamos-futuro-solar-fotovoltaico\\\/\"]}]},{\"@type\":\"ImageObject\",\"inLanguage\":\"es\",\"@id\":\"https:\\\/\\\/arenesbellpuig.com\\\/es\\\/avanzamos-futuro-solar-fotovoltaico\\\/#primaryimage\",\"url\":\"https:\\\/\\\/arenesbellpuig.com\\\/es\\\/wp-content\\\/uploads\\\/sites\\\/3\\\/2023\\\/12\\\/Plaques_solars1.jpg\",\"contentUrl\":\"https:\\\/\\\/arenesbellpuig.com\\\/es\\\/wp-content\\\/uploads\\\/sites\\\/3\\\/2023\\\/12\\\/Plaques_solars1.jpg\",\"width\":900,\"height\":675},{\"@type\":\"BreadcrumbList\",\"@id\":\"https:\\\/\\\/arenesbellpuig.com\\\/es\\\/avanzamos-futuro-solar-fotovoltaico\\\/#breadcrumb\",\"itemListElement\":[{\"@type\":\"ListItem\",\"position\":1,\"name\":\"Portada\",\"item\":\"https:\\\/\\\/arenesbellpuig.com\\\/es\\\/\"},{\"@type\":\"ListItem\",\"position\":2,\"name\":\"Avanzamos hacia un futuro sostenible con una nueva planta solar fotovoltaica\"}]},{\"@type\":\"WebSite\",\"@id\":\"https:\\\/\\\/arenesbellpuig.com\\\/es\\\/#website\",\"url\":\"https:\\\/\\\/arenesbellpuig.com\\\/es\\\/\",\"name\":\"Arenes Bellpuig ES\",\"description\":\"\u00c1ridos y Morteros\",\"publisher\":{\"@id\":\"https:\\\/\\\/arenesbellpuig.com\\\/es\\\/#organization\"},\"potentialAction\":[{\"@type\":\"SearchAction\",\"target\":{\"@type\":\"EntryPoint\",\"urlTemplate\":\"https:\\\/\\\/arenesbellpuig.com\\\/es\\\/?s={search_term_string}\"},\"query-input\":{\"@type\":\"PropertyValueSpecification\",\"valueRequired\":true,\"valueName\":\"search_term_string\"}}],\"inLanguage\":\"es\"},{\"@type\":\"Organization\",\"@id\":\"https:\\\/\\\/arenesbellpuig.com\\\/es\\\/#organization\",\"name\":\"Arenes Bellpuig ES\",\"url\":\"https:\\\/\\\/arenesbellpuig.com\\\/es\\\/\",\"logo\":{\"@type\":\"ImageObject\",\"inLanguage\":\"es\",\"@id\":\"https:\\\/\\\/arenesbellpuig.com\\\/es\\\/#\\\/schema\\\/logo\\\/image\\\/\",\"url\":\"https:\\\/\\\/arenesbellpuig.com\\\/es\\\/wp-content\\\/uploads\\\/sites\\\/3\\\/2023\\\/06\\\/cropped-00.-ARENES-BELLPUIG-1.png\",\"contentUrl\":\"https:\\\/\\\/arenesbellpuig.com\\\/es\\\/wp-content\\\/uploads\\\/sites\\\/3\\\/2023\\\/06\\\/cropped-00.-ARENES-BELLPUIG-1.png\",\"width\":400,\"height\":133,\"caption\":\"Arenes Bellpuig ES\"},\"image\":{\"@id\":\"https:\\\/\\\/arenesbellpuig.com\\\/es\\\/#\\\/schema\\\/logo\\\/image\\\/\"}},{\"@type\":\"Person\",\"@id\":\"https:\\\/\\\/arenesbellpuig.com\\\/es\\\/#\\\/schema\\\/person\\\/31fe1b99cf6415565abf72d5e8daa3e4\",\"name\":\"webmaster\",\"image\":{\"@type\":\"ImageObject\",\"inLanguage\":\"es\",\"@id\":\"https:\\\/\\\/secure.gravatar.com\\\/avatar\\\/c8cb3e6b8e43c72b0448f84754afe51f9ef829973bbded721f4d9304b9b5a43d?s=96&d=mm&r=g\",\"url\":\"https:\\\/\\\/secure.gravatar.com\\\/avatar\\\/c8cb3e6b8e43c72b0448f84754afe51f9ef829973bbded721f4d9304b9b5a43d?s=96&d=mm&r=g\",\"contentUrl\":\"https:\\\/\\\/secure.gravatar.com\\\/avatar\\\/c8cb3e6b8e43c72b0448f84754afe51f9ef829973bbded721f4d9304b9b5a43d?s=96&d=mm&r=g\",\"caption\":\"webmaster\"},\"url\":\"https:\\\/\\\/arenesbellpuig.com\\\/es\\\/author\\\/webmaster\\\/\"}]}<\/script>\n<!-- \/ Yoast SEO plugin. -->","yoast_head_json":{"title":"Avanzamos hacia un futuro sostenible con una nueva planta solar fotovoltaica - Arenes Bellpuig ES","robots":{"index":"index","follow":"follow","max-snippet":"max-snippet:-1","max-image-preview":"max-image-preview:large","max-video-preview":"max-video-preview:-1"},"canonical":"https:\/\/arenesbellpuig.com\/es\/avanzamos-futuro-solar-fotovoltaico\/","og_locale":"es_ES","og_type":"article","og_title":"Avanzamos hacia un futuro sostenible con una nueva planta solar fotovoltaica - Arenes Bellpuig ES","og_description":"Inauguramos la nueva planta solar fotovoltaica en nuestras instalaciones de Bellpuig, con una superficie de 2.000 m\u00b2 y 952 paneles de 540\u00a0Wp\u00a0y una capacidad total de 514,04\u00a0kWp, la instalaci\u00f3n generar\u00e1 aproximadamente 820.650,31 kWh de energ\u00eda anualmente. Este proyecto cubre dos objetivos, por un lado, la eficiencia energ\u00e9tica dado que permitir\u00e1 cubrir pr\u00e1cticamente todo el consumo ... Leer m\u00e1s","og_url":"https:\/\/arenesbellpuig.com\/es\/avanzamos-futuro-solar-fotovoltaico\/","og_site_name":"Arenes Bellpuig ES","article_published_time":"2023-12-14T08:36:48+00:00","article_modified_time":"2023-12-14T08:37:06+00:00","og_image":[{"width":900,"height":675,"url":"https:\/\/arenesbellpuig.com\/es\/wp-content\/uploads\/sites\/3\/2023\/12\/Plaques_solars1.jpg","type":"image\/jpeg"}],"author":"webmaster","twitter_card":"summary_large_image","twitter_misc":{"Escrito por":"webmaster","Tiempo de lectura":"1 minuto"},"schema":{"@context":"https:\/\/schema.org","@graph":[{"@type":"Article","@id":"https:\/\/arenesbellpuig.com\/es\/avanzamos-futuro-solar-fotovoltaico\/#article","isPartOf":{"@id":"https:\/\/arenesbellpuig.com\/es\/avanzamos-futuro-solar-fotovoltaico\/"},"author":{"name":"webmaster","@id":"https:\/\/arenesbellpuig.com\/es\/#\/schema\/person\/31fe1b99cf6415565abf72d5e8daa3e4"},"headline":"Avanzamos hacia un futuro sostenible con una nueva planta solar fotovoltaica","datePublished":"2023-12-14T08:36:48+00:00","dateModified":"2023-12-14T08:37:06+00:00","mainEntityOfPage":{"@id":"https:\/\/arenesbellpuig.com\/es\/avanzamos-futuro-solar-fotovoltaico\/"},"wordCount":146,"commentCount":0,"publisher":{"@id":"https:\/\/arenesbellpuig.com\/es\/#organization"},"image":{"@id":"https:\/\/arenesbellpuig.com\/es\/avanzamos-futuro-solar-fotovoltaico\/#primaryimage"},"thumbnailUrl":"https:\/\/arenesbellpuig.com\/es\/wp-content\/uploads\/sites\/3\/2023\/12\/Plaques_solars1.jpg","inLanguage":"es","potentialAction":[{"@type":"CommentAction","name":"Comment","target":["https:\/\/arenesbellpuig.com\/es\/avanzamos-futuro-solar-fotovoltaico\/#respond"]}]},{"@type":"WebPage","@id":"https:\/\/arenesbellpuig.com\/es\/avanzamos-futuro-solar-fotovoltaico\/","url":"https:\/\/arenesbellpuig.com\/es\/avanzamos-futuro-solar-fotovoltaico\/","name":"Avanzamos hacia un futuro sostenible con una nueva planta solar fotovoltaica - Arenes Bellpuig ES","isPartOf":{"@id":"https:\/\/arenesbellpuig.com\/es\/#website"},"primaryImageOfPage":{"@id":"https:\/\/arenesbellpuig.com\/es\/avanzamos-futuro-solar-fotovoltaico\/#primaryimage"},"image":{"@id":"https:\/\/arenesbellpuig.com\/es\/avanzamos-futuro-solar-fotovoltaico\/#primaryimage"},"thumbnailUrl":"https:\/\/arenesbellpuig.com\/es\/wp-content\/uploads\/sites\/3\/2023\/12\/Plaques_solars1.jpg","datePublished":"2023-12-14T08:36:48+00:00","dateModified":"2023-12-14T08:37:06+00:00","breadcrumb":{"@id":"https:\/\/arenesbellpuig.com\/es\/avanzamos-futuro-solar-fotovoltaico\/#breadcrumb"},"inLanguage":"es","potentialAction":[{"@type":"ReadAction","target":["https:\/\/arenesbellpuig.com\/es\/avanzamos-futuro-solar-fotovoltaico\/"]}]},{"@type":"ImageObject","inLanguage":"es","@id":"https:\/\/arenesbellpuig.com\/es\/avanzamos-futuro-solar-fotovoltaico\/#primaryimage","url":"https:\/\/arenesbellpuig.com\/es\/wp-content\/uploads\/sites\/3\/2023\/12\/Plaques_solars1.jpg","contentUrl":"https:\/\/arenesbellpuig.com\/es\/wp-content\/uploads\/sites\/3\/2023\/12\/Plaques_solars1.jpg","width":900,"height":675},{"@type":"BreadcrumbList","@id":"https:\/\/arenesbellpuig.com\/es\/avanzamos-futuro-solar-fotovoltaico\/#breadcrumb","itemListElement":[{"@type":"ListItem","position":1,"name":"Portada","item":"https:\/\/arenesbellpuig.com\/es\/"},{"@type":"ListItem","position":2,"name":"Avanzamos hacia un futuro sostenible con una nueva planta solar fotovoltaica"}]},{"@type":"WebSite","@id":"https:\/\/arenesbellpuig.com\/es\/#website","url":"https:\/\/arenesbellpuig.com\/es\/","name":"Arenes Bellpuig ES","description":"\u00c1ridos y Morteros","publisher":{"@id":"https:\/\/arenesbellpuig.com\/es\/#organization"},"potentialAction":[{"@type":"SearchAction","target":{"@type":"EntryPoint","urlTemplate":"https:\/\/arenesbellpuig.com\/es\/?s={search_term_string}"},"query-input":{"@type":"PropertyValueSpecification","valueRequired":true,"valueName":"search_term_string"}}],"inLanguage":"es"},{"@type":"Organization","@id":"https:\/\/arenesbellpuig.com\/es\/#organization","name":"Arenes Bellpuig ES","url":"https:\/\/arenesbellpuig.com\/es\/","logo":{"@type":"ImageObject","inLanguage":"es","@id":"https:\/\/arenesbellpuig.com\/es\/#\/schema\/logo\/image\/","url":"https:\/\/arenesbellpuig.com\/es\/wp-content\/uploads\/sites\/3\/2023\/06\/cropped-00.-ARENES-BELLPUIG-1.png","contentUrl":"https:\/\/arenesbellpuig.com\/es\/wp-content\/uploads\/sites\/3\/2023\/06\/cropped-00.-ARENES-BELLPUIG-1.png","width":400,"height":133,"caption":"Arenes Bellpuig ES"},"image":{"@id":"https:\/\/arenesbellpuig.com\/es\/#\/schema\/logo\/image\/"}},{"@type":"Person","@id":"https:\/\/arenesbellpuig.com\/es\/#\/schema\/person\/31fe1b99cf6415565abf72d5e8daa3e4","name":"webmaster","image":{"@type":"ImageObject","inLanguage":"es","@id":"https:\/\/secure.gravatar.com\/avatar\/c8cb3e6b8e43c72b0448f84754afe51f9ef829973bbded721f4d9304b9b5a43d?s=96&d=mm&r=g","url":"https:\/\/secure.gravatar.com\/avatar\/c8cb3e6b8e43c72b0448f84754afe51f9ef829973bbded721f4d9304b9b5a43d?s=96&d=mm&r=g","contentUrl":"https:\/\/secure.gravatar.com\/avatar\/c8cb3e6b8e43c72b0448f84754afe51f9ef829973bbded721f4d9304b9b5a43d?s=96&d=mm&r=g","caption":"webmaster"},"url":"https:\/\/arenesbellpuig.com\/es\/author\/webmaster\/"}]}},"_links":{"self":[{"href":"https:\/\/arenesbellpuig.com\/es\/wp-json\/wp\/v2\/posts\/2901","targetHints":{"allow":["GET"]}}],"collection":[{"href":"https:\/\/arenesbellpuig.com\/es\/wp-json\/wp\/v2\/posts"}],"about":[{"href":"https:\/\/arenesbellpuig.com\/es\/wp-json\/wp\/v2\/types\/post"}],"author":[{"embeddable":true,"href":"https:\/\/arenesbellpuig.com\/es\/wp-json\/wp\/v2\/users\/4"}],"replies":[{"embeddable":true,"href":"https:\/\/arenesbellpuig.com\/es\/wp-json\/wp\/v2\/comments?post=2901"}],"version-history":[{"count":2,"href":"https:\/\/arenesbellpuig.com\/es\/wp-json\/wp\/v2\/posts\/2901\/revisions"}],"predecessor-version":[{"id":2906,"href":"https:\/\/arenesbellpuig.com\/es\/wp-json\/wp\/v2\/posts\/2901\/revisions\/2906"}],"wp:featuredmedia":[{"embeddable":true,"href":"https:\/\/arenesbellpuig.com\/es\/wp-json\/wp\/v2\/media\/2904"}],"wp:attachment":[{"href":"https:\/\/arenesbellpuig.com\/es\/wp-json\/wp\/v2\/media?parent=2901"}],"wp:term":[{"taxonomy":"category","embeddable":true,"href":"https:\/\/arenesbellpuig.com\/es\/wp-json\/wp\/v2\/categories?post=2901"},{"taxonomy":"post_tag","embeddable":true,"href":"https:\/\/arenesbellpuig.com\/es\/wp-json\/wp\/v2\/tags?post=2901"}],"curies":[{"name":"wp","href":"https:\/\/api.w.org\/{rel}","templated":true}]}}