{"id":2714,"date":"2023-06-14T07:06:04","date_gmt":"2023-06-14T07:06:04","guid":{"rendered":"http:\/\/arenesbellpuig.com\/es\/?p=2714"},"modified":"2023-06-14T07:06:04","modified_gmt":"2023-06-14T07:06:04","slug":"arena-de-soleres-2","status":"publish","type":"post","link":"https:\/\/arenesbellpuig.com\/es\/arena-de-soleres-2\/","title":{"rendered":"Recrecidos de mortero semi-seco"},"content":{"rendered":"<p><a href=\"https:\/\/arenesbellpuig.com\/producte\/arena-de-soleres\/\">La &#8216;arena \u00abde soleras\u00bb o de \u00abrecrecidos\u00bb<\/a> es un material creado especialmente para la elaboraci\u00f3n en obra de morteros semi-secos bombeables, al que solo hay que a\u00f1adir cemento y una poca cantidad de agua. Puede ser amasada mec\u00e1nicamente y bombeada con aire comprimido hasta el lugar de aplicaci\u00f3n. Creando una capa de 5 a 8 cm, este mortero prepara la base per a la colocaci\u00f3n posterior de gres, parquet, etc.<\/p>\n","protected":false},"excerpt":{"rendered":"<p>La &#8216;arena \u00abde soleras\u00bb o de \u00abrecrecidos\u00bb es un material creado especialmente para la elaboraci\u00f3n en obra de morteros semi-secos bombeables, al que solo hay que a\u00f1adir cemento y una poca cantidad de agua. Puede ser amasada mec\u00e1nicamente y bombeada con aire comprimido hasta el lugar de aplicaci\u00f3n. Creando una capa de 5 a 8 &#8230; <a title=\"Recrecidos de mortero semi-seco\" class=\"read-more\" href=\"https:\/\/arenesbellpuig.com\/es\/arena-de-soleres-2\/\" aria-label=\"Leer m\u00e1s sobre Recrecidos de mortero semi-seco\">Leer m\u00e1s<\/a><\/p>\n","protected":false},"author":1,"featured_media":2720,"comment_status":"open","ping_status":"open","sticky":false,"template":"","format":"standard","meta":{"_acf_changed":false,"_monsterinsights_skip_tracking":false,"_monsterinsights_sitenote_active":false,"_monsterinsights_sitenote_note":"","_monsterinsights_sitenote_category":0,"footnotes":""},"categories":[1],"tags":[],"class_list":["post-2714","post","type-post","status-publish","format-standard","has-post-thumbnail","hentry","category-sin-categoria"],"acf":[],"yoast_head":"<!-- This site is optimized with the Yoast SEO plugin v27.3 - https:\/\/yoast.com\/product\/yoast-seo-wordpress\/ -->\n<title>Recrecidos de mortero semi-seco - Arenes Bellpuig ES<\/title>\n<meta name=\"robots\" content=\"index, follow, max-snippet:-1, max-image-preview:large, max-video-preview:-1\" \/>\n<link rel=\"canonical\" href=\"https:\/\/arenesbellpuig.com\/es\/arena-de-soleres-2\/\" \/>\n<meta property=\"og:locale\" content=\"es_ES\" \/>\n<meta property=\"og:type\" content=\"article\" \/>\n<meta property=\"og:title\" content=\"Recrecidos de mortero semi-seco - Arenes Bellpuig ES\" \/>\n<meta property=\"og:description\" content=\"La &#8216;arena \u00abde soleras\u00bb o de \u00abrecrecidos\u00bb es un material creado especialmente para la elaboraci\u00f3n en obra de morteros semi-secos bombeables, al que solo hay que a\u00f1adir cemento y una poca cantidad de agua. Puede ser amasada mec\u00e1nicamente y bombeada con aire comprimido hasta el lugar de aplicaci\u00f3n. Creando una capa de 5 a 8 ... Leer m\u00e1s\" \/>\n<meta property=\"og:url\" content=\"https:\/\/arenesbellpuig.com\/es\/arena-de-soleres-2\/\" \/>\n<meta property=\"og:site_name\" content=\"Arenes Bellpuig ES\" \/>\n<meta property=\"article:published_time\" content=\"2023-06-14T07:06:04+00:00\" \/>\n<meta property=\"og:image\" content=\"https:\/\/arenesbellpuig.com\/es\/wp-content\/uploads\/sites\/3\/2019\/11\/201907soleres-recrescuts-1.jpg\" \/>\n\t<meta property=\"og:image:width\" content=\"1501\" \/>\n\t<meta property=\"og:image:height\" content=\"1638\" \/>\n\t<meta property=\"og:image:type\" content=\"image\/jpeg\" \/>\n<meta name=\"author\" content=\"up2you\" \/>\n<meta name=\"twitter:card\" content=\"summary_large_image\" \/>\n<meta name=\"twitter:label1\" content=\"Escrito por\" \/>\n\t<meta name=\"twitter:data1\" content=\"up2you\" \/>\n<script type=\"application\/ld+json\" class=\"yoast-schema-graph\">{\"@context\":\"https:\\\/\\\/schema.org\",\"@graph\":[{\"@type\":\"Article\",\"@id\":\"https:\\\/\\\/arenesbellpuig.com\\\/es\\\/arena-de-soleres-2\\\/#article\",\"isPartOf\":{\"@id\":\"https:\\\/\\\/arenesbellpuig.com\\\/es\\\/arena-de-soleres-2\\\/\"},\"author\":{\"name\":\"up2you\",\"@id\":\"https:\\\/\\\/arenesbellpuig.com\\\/es\\\/#\\\/schema\\\/person\\\/2072a83128e7e04ef7e4b4d5e4a75e73\"},\"headline\":\"Recrecidos de mortero semi-seco\",\"datePublished\":\"2023-06-14T07:06:04+00:00\",\"mainEntityOfPage\":{\"@id\":\"https:\\\/\\\/arenesbellpuig.com\\\/es\\\/arena-de-soleres-2\\\/\"},\"wordCount\":77,\"commentCount\":0,\"publisher\":{\"@id\":\"https:\\\/\\\/arenesbellpuig.com\\\/es\\\/#organization\"},\"image\":{\"@id\":\"https:\\\/\\\/arenesbellpuig.com\\\/es\\\/arena-de-soleres-2\\\/#primaryimage\"},\"thumbnailUrl\":\"https:\\\/\\\/arenesbellpuig.com\\\/es\\\/wp-content\\\/uploads\\\/sites\\\/3\\\/2019\\\/11\\\/201907soleres-recrescuts-1.jpg\",\"inLanguage\":\"es\",\"potentialAction\":[{\"@type\":\"CommentAction\",\"name\":\"Comment\",\"target\":[\"https:\\\/\\\/arenesbellpuig.com\\\/es\\\/arena-de-soleres-2\\\/#respond\"]}]},{\"@type\":\"WebPage\",\"@id\":\"https:\\\/\\\/arenesbellpuig.com\\\/es\\\/arena-de-soleres-2\\\/\",\"url\":\"https:\\\/\\\/arenesbellpuig.com\\\/es\\\/arena-de-soleres-2\\\/\",\"name\":\"Recrecidos de mortero semi-seco - Arenes Bellpuig ES\",\"isPartOf\":{\"@id\":\"https:\\\/\\\/arenesbellpuig.com\\\/es\\\/#website\"},\"primaryImageOfPage\":{\"@id\":\"https:\\\/\\\/arenesbellpuig.com\\\/es\\\/arena-de-soleres-2\\\/#primaryimage\"},\"image\":{\"@id\":\"https:\\\/\\\/arenesbellpuig.com\\\/es\\\/arena-de-soleres-2\\\/#primaryimage\"},\"thumbnailUrl\":\"https:\\\/\\\/arenesbellpuig.com\\\/es\\\/wp-content\\\/uploads\\\/sites\\\/3\\\/2019\\\/11\\\/201907soleres-recrescuts-1.jpg\",\"datePublished\":\"2023-06-14T07:06:04+00:00\",\"breadcrumb\":{\"@id\":\"https:\\\/\\\/arenesbellpuig.com\\\/es\\\/arena-de-soleres-2\\\/#breadcrumb\"},\"inLanguage\":\"es\",\"potentialAction\":[{\"@type\":\"ReadAction\",\"target\":[\"https:\\\/\\\/arenesbellpuig.com\\\/es\\\/arena-de-soleres-2\\\/\"]}]},{\"@type\":\"ImageObject\",\"inLanguage\":\"es\",\"@id\":\"https:\\\/\\\/arenesbellpuig.com\\\/es\\\/arena-de-soleres-2\\\/#primaryimage\",\"url\":\"https:\\\/\\\/arenesbellpuig.com\\\/es\\\/wp-content\\\/uploads\\\/sites\\\/3\\\/2019\\\/11\\\/201907soleres-recrescuts-1.jpg\",\"contentUrl\":\"https:\\\/\\\/arenesbellpuig.com\\\/es\\\/wp-content\\\/uploads\\\/sites\\\/3\\\/2019\\\/11\\\/201907soleres-recrescuts-1.jpg\",\"width\":1501,\"height\":1638},{\"@type\":\"BreadcrumbList\",\"@id\":\"https:\\\/\\\/arenesbellpuig.com\\\/es\\\/arena-de-soleres-2\\\/#breadcrumb\",\"itemListElement\":[{\"@type\":\"ListItem\",\"position\":1,\"name\":\"Portada\",\"item\":\"https:\\\/\\\/arenesbellpuig.com\\\/es\\\/\"},{\"@type\":\"ListItem\",\"position\":2,\"name\":\"Recrecidos de mortero semi-seco\"}]},{\"@type\":\"WebSite\",\"@id\":\"https:\\\/\\\/arenesbellpuig.com\\\/es\\\/#website\",\"url\":\"https:\\\/\\\/arenesbellpuig.com\\\/es\\\/\",\"name\":\"Arenes Bellpuig ES\",\"description\":\"\u00c1ridos y Morteros\",\"publisher\":{\"@id\":\"https:\\\/\\\/arenesbellpuig.com\\\/es\\\/#organization\"},\"potentialAction\":[{\"@type\":\"SearchAction\",\"target\":{\"@type\":\"EntryPoint\",\"urlTemplate\":\"https:\\\/\\\/arenesbellpuig.com\\\/es\\\/?s={search_term_string}\"},\"query-input\":{\"@type\":\"PropertyValueSpecification\",\"valueRequired\":true,\"valueName\":\"search_term_string\"}}],\"inLanguage\":\"es\"},{\"@type\":\"Organization\",\"@id\":\"https:\\\/\\\/arenesbellpuig.com\\\/es\\\/#organization\",\"name\":\"Arenes Bellpuig ES\",\"url\":\"https:\\\/\\\/arenesbellpuig.com\\\/es\\\/\",\"logo\":{\"@type\":\"ImageObject\",\"inLanguage\":\"es\",\"@id\":\"https:\\\/\\\/arenesbellpuig.com\\\/es\\\/#\\\/schema\\\/logo\\\/image\\\/\",\"url\":\"https:\\\/\\\/arenesbellpuig.com\\\/es\\\/wp-content\\\/uploads\\\/sites\\\/3\\\/2023\\\/06\\\/cropped-00.-ARENES-BELLPUIG-1.png\",\"contentUrl\":\"https:\\\/\\\/arenesbellpuig.com\\\/es\\\/wp-content\\\/uploads\\\/sites\\\/3\\\/2023\\\/06\\\/cropped-00.-ARENES-BELLPUIG-1.png\",\"width\":400,\"height\":133,\"caption\":\"Arenes Bellpuig ES\"},\"image\":{\"@id\":\"https:\\\/\\\/arenesbellpuig.com\\\/es\\\/#\\\/schema\\\/logo\\\/image\\\/\"}},{\"@type\":\"Person\",\"@id\":\"https:\\\/\\\/arenesbellpuig.com\\\/es\\\/#\\\/schema\\\/person\\\/2072a83128e7e04ef7e4b4d5e4a75e73\",\"name\":\"up2you\",\"image\":{\"@type\":\"ImageObject\",\"inLanguage\":\"es\",\"@id\":\"https:\\\/\\\/secure.gravatar.com\\\/avatar\\\/26aac4a3e8f48bc9bd14eafffc238823e10e8b8a32106379ffa10e4850a0eabd?s=96&d=mm&r=g\",\"url\":\"https:\\\/\\\/secure.gravatar.com\\\/avatar\\\/26aac4a3e8f48bc9bd14eafffc238823e10e8b8a32106379ffa10e4850a0eabd?s=96&d=mm&r=g\",\"contentUrl\":\"https:\\\/\\\/secure.gravatar.com\\\/avatar\\\/26aac4a3e8f48bc9bd14eafffc238823e10e8b8a32106379ffa10e4850a0eabd?s=96&d=mm&r=g\",\"caption\":\"up2you\"},\"url\":\"https:\\\/\\\/arenesbellpuig.com\\\/es\\\/author\\\/up2you\\\/\"}]}<\/script>\n<!-- \/ Yoast SEO plugin. -->","yoast_head_json":{"title":"Recrecidos de mortero semi-seco - Arenes Bellpuig ES","robots":{"index":"index","follow":"follow","max-snippet":"max-snippet:-1","max-image-preview":"max-image-preview:large","max-video-preview":"max-video-preview:-1"},"canonical":"https:\/\/arenesbellpuig.com\/es\/arena-de-soleres-2\/","og_locale":"es_ES","og_type":"article","og_title":"Recrecidos de mortero semi-seco - Arenes Bellpuig ES","og_description":"La &#8216;arena \u00abde soleras\u00bb o de \u00abrecrecidos\u00bb es un material creado especialmente para la elaboraci\u00f3n en obra de morteros semi-secos bombeables, al que solo hay que a\u00f1adir cemento y una poca cantidad de agua. Puede ser amasada mec\u00e1nicamente y bombeada con aire comprimido hasta el lugar de aplicaci\u00f3n. Creando una capa de 5 a 8 ... Leer m\u00e1s","og_url":"https:\/\/arenesbellpuig.com\/es\/arena-de-soleres-2\/","og_site_name":"Arenes Bellpuig ES","article_published_time":"2023-06-14T07:06:04+00:00","og_image":[{"width":1501,"height":1638,"url":"https:\/\/arenesbellpuig.com\/es\/wp-content\/uploads\/sites\/3\/2019\/11\/201907soleres-recrescuts-1.jpg","type":"image\/jpeg"}],"author":"up2you","twitter_card":"summary_large_image","twitter_misc":{"Escrito por":"up2you"},"schema":{"@context":"https:\/\/schema.org","@graph":[{"@type":"Article","@id":"https:\/\/arenesbellpuig.com\/es\/arena-de-soleres-2\/#article","isPartOf":{"@id":"https:\/\/arenesbellpuig.com\/es\/arena-de-soleres-2\/"},"author":{"name":"up2you","@id":"https:\/\/arenesbellpuig.com\/es\/#\/schema\/person\/2072a83128e7e04ef7e4b4d5e4a75e73"},"headline":"Recrecidos de mortero semi-seco","datePublished":"2023-06-14T07:06:04+00:00","mainEntityOfPage":{"@id":"https:\/\/arenesbellpuig.com\/es\/arena-de-soleres-2\/"},"wordCount":77,"commentCount":0,"publisher":{"@id":"https:\/\/arenesbellpuig.com\/es\/#organization"},"image":{"@id":"https:\/\/arenesbellpuig.com\/es\/arena-de-soleres-2\/#primaryimage"},"thumbnailUrl":"https:\/\/arenesbellpuig.com\/es\/wp-content\/uploads\/sites\/3\/2019\/11\/201907soleres-recrescuts-1.jpg","inLanguage":"es","potentialAction":[{"@type":"CommentAction","name":"Comment","target":["https:\/\/arenesbellpuig.com\/es\/arena-de-soleres-2\/#respond"]}]},{"@type":"WebPage","@id":"https:\/\/arenesbellpuig.com\/es\/arena-de-soleres-2\/","url":"https:\/\/arenesbellpuig.com\/es\/arena-de-soleres-2\/","name":"Recrecidos de mortero semi-seco - Arenes Bellpuig ES","isPartOf":{"@id":"https:\/\/arenesbellpuig.com\/es\/#website"},"primaryImageOfPage":{"@id":"https:\/\/arenesbellpuig.com\/es\/arena-de-soleres-2\/#primaryimage"},"image":{"@id":"https:\/\/arenesbellpuig.com\/es\/arena-de-soleres-2\/#primaryimage"},"thumbnailUrl":"https:\/\/arenesbellpuig.com\/es\/wp-content\/uploads\/sites\/3\/2019\/11\/201907soleres-recrescuts-1.jpg","datePublished":"2023-06-14T07:06:04+00:00","breadcrumb":{"@id":"https:\/\/arenesbellpuig.com\/es\/arena-de-soleres-2\/#breadcrumb"},"inLanguage":"es","potentialAction":[{"@type":"ReadAction","target":["https:\/\/arenesbellpuig.com\/es\/arena-de-soleres-2\/"]}]},{"@type":"ImageObject","inLanguage":"es","@id":"https:\/\/arenesbellpuig.com\/es\/arena-de-soleres-2\/#primaryimage","url":"https:\/\/arenesbellpuig.com\/es\/wp-content\/uploads\/sites\/3\/2019\/11\/201907soleres-recrescuts-1.jpg","contentUrl":"https:\/\/arenesbellpuig.com\/es\/wp-content\/uploads\/sites\/3\/2019\/11\/201907soleres-recrescuts-1.jpg","width":1501,"height":1638},{"@type":"BreadcrumbList","@id":"https:\/\/arenesbellpuig.com\/es\/arena-de-soleres-2\/#breadcrumb","itemListElement":[{"@type":"ListItem","position":1,"name":"Portada","item":"https:\/\/arenesbellpuig.com\/es\/"},{"@type":"ListItem","position":2,"name":"Recrecidos de mortero semi-seco"}]},{"@type":"WebSite","@id":"https:\/\/arenesbellpuig.com\/es\/#website","url":"https:\/\/arenesbellpuig.com\/es\/","name":"Arenes Bellpuig ES","description":"\u00c1ridos y Morteros","publisher":{"@id":"https:\/\/arenesbellpuig.com\/es\/#organization"},"potentialAction":[{"@type":"SearchAction","target":{"@type":"EntryPoint","urlTemplate":"https:\/\/arenesbellpuig.com\/es\/?s={search_term_string}"},"query-input":{"@type":"PropertyValueSpecification","valueRequired":true,"valueName":"search_term_string"}}],"inLanguage":"es"},{"@type":"Organization","@id":"https:\/\/arenesbellpuig.com\/es\/#organization","name":"Arenes Bellpuig ES","url":"https:\/\/arenesbellpuig.com\/es\/","logo":{"@type":"ImageObject","inLanguage":"es","@id":"https:\/\/arenesbellpuig.com\/es\/#\/schema\/logo\/image\/","url":"https:\/\/arenesbellpuig.com\/es\/wp-content\/uploads\/sites\/3\/2023\/06\/cropped-00.-ARENES-BELLPUIG-1.png","contentUrl":"https:\/\/arenesbellpuig.com\/es\/wp-content\/uploads\/sites\/3\/2023\/06\/cropped-00.-ARENES-BELLPUIG-1.png","width":400,"height":133,"caption":"Arenes Bellpuig ES"},"image":{"@id":"https:\/\/arenesbellpuig.com\/es\/#\/schema\/logo\/image\/"}},{"@type":"Person","@id":"https:\/\/arenesbellpuig.com\/es\/#\/schema\/person\/2072a83128e7e04ef7e4b4d5e4a75e73","name":"up2you","image":{"@type":"ImageObject","inLanguage":"es","@id":"https:\/\/secure.gravatar.com\/avatar\/26aac4a3e8f48bc9bd14eafffc238823e10e8b8a32106379ffa10e4850a0eabd?s=96&d=mm&r=g","url":"https:\/\/secure.gravatar.com\/avatar\/26aac4a3e8f48bc9bd14eafffc238823e10e8b8a32106379ffa10e4850a0eabd?s=96&d=mm&r=g","contentUrl":"https:\/\/secure.gravatar.com\/avatar\/26aac4a3e8f48bc9bd14eafffc238823e10e8b8a32106379ffa10e4850a0eabd?s=96&d=mm&r=g","caption":"up2you"},"url":"https:\/\/arenesbellpuig.com\/es\/author\/up2you\/"}]}},"_links":{"self":[{"href":"https:\/\/arenesbellpuig.com\/es\/wp-json\/wp\/v2\/posts\/2714","targetHints":{"allow":["GET"]}}],"collection":[{"href":"https:\/\/arenesbellpuig.com\/es\/wp-json\/wp\/v2\/posts"}],"about":[{"href":"https:\/\/arenesbellpuig.com\/es\/wp-json\/wp\/v2\/types\/post"}],"author":[{"embeddable":true,"href":"https:\/\/arenesbellpuig.com\/es\/wp-json\/wp\/v2\/users\/1"}],"replies":[{"embeddable":true,"href":"https:\/\/arenesbellpuig.com\/es\/wp-json\/wp\/v2\/comments?post=2714"}],"version-history":[{"count":1,"href":"https:\/\/arenesbellpuig.com\/es\/wp-json\/wp\/v2\/posts\/2714\/revisions"}],"predecessor-version":[{"id":2719,"href":"https:\/\/arenesbellpuig.com\/es\/wp-json\/wp\/v2\/posts\/2714\/revisions\/2719"}],"wp:featuredmedia":[{"embeddable":true,"href":"https:\/\/arenesbellpuig.com\/es\/wp-json\/wp\/v2\/media\/2720"}],"wp:attachment":[{"href":"https:\/\/arenesbellpuig.com\/es\/wp-json\/wp\/v2\/media?parent=2714"}],"wp:term":[{"taxonomy":"category","embeddable":true,"href":"https:\/\/arenesbellpuig.com\/es\/wp-json\/wp\/v2\/categories?post=2714"},{"taxonomy":"post_tag","embeddable":true,"href":"https:\/\/arenesbellpuig.com\/es\/wp-json\/wp\/v2\/tags?post=2714"}],"curies":[{"name":"wp","href":"https:\/\/api.w.org\/{rel}","templated":true}]}}