{"id":2711,"date":"2021-02-23T10:52:15","date_gmt":"2021-02-23T10:52:15","guid":{"rendered":"http:\/\/arenesbellpuig.com\/es\/?p=2711"},"modified":"2021-02-23T10:52:15","modified_gmt":"2021-02-23T10:52:15","slug":"parcs-infantils-nosaltres-tambe-2","status":"publish","type":"post","link":"https:\/\/arenesbellpuig.com\/es\/parcs-infantils-nosaltres-tambe-2\/","title":{"rendered":"Con que material rellenamos el arenero?"},"content":{"rendered":"<p>\u00c9sta es la pregunta que se hacen a menudo los responsables del mantenimiento o de la construcci\u00f3n de zonas de juegos infantiles. En este \u00e1mbito la calidad del material es fundamental para garantizar que presenta y va a mantener sostenidamente sus capacidades como amortiguador de ca\u00eddas.<\/p>\n<blockquote><p>Es importante tener en cuenta que a pesar de la existencia de multitud de arenas no todas sirven o presenten la misma esponjosidad.<\/p><\/blockquote>\n<p>Ser\u00e1 fundamental el grado de limpieza y la granulometr\u00eda. <a href=\"https:\/\/arenesbellpuig.com\/producte\/arena-natural-rentada\/\">L&#8217;arena Natural Rentada 0\/2 mm de Bellpuig<\/a> por su naturaleza y procesos industriales a los que es sometida, es ideal y cumple ampliamente todos los requerimientos. Ahorrando esfuerzos en su mantenimiento, conserva su esponjosidad sin necesidad de removerla.<\/p>\n<p>Disponible en todos los formatos, granel, saco de 25 Kg\u00a0 i BIG BAG de 1.000 Kg.<\/p>\n<p>Agradecemos la confianza a todas las escuelas, departamentos t\u00e9cnicos, ayuntamientos y constructores que cada vez mas cuentan con nuestros servicios.<\/p>\n<p>&nbsp;<\/p>\n<figure id=\"attachment_2059\" aria-describedby=\"caption-attachment-2059\" style=\"width: 1014px\" class=\"wp-caption aligncenter\"><img fetchpriority=\"high\" decoding=\"async\" class=\"wp-image-2059 size-large\" src=\"https:\/\/arenesbellpuig.com\/wp-content\/uploads\/2019\/07\/parc-granollers.jpg\" alt=\"\" width=\"1024\" height=\"1024\" \/><figcaption id=\"caption-attachment-2059\" class=\"wp-caption-text\">Parc del Lledoner (Granollers)<\/figcaption><\/figure>\n","protected":false},"excerpt":{"rendered":"<p>\u00c9sta es la pregunta que se hacen a menudo los responsables del mantenimiento o de la construcci\u00f3n de zonas de juegos infantiles. En este \u00e1mbito la calidad del material es fundamental para garantizar que presenta y va a mantener sostenidamente sus capacidades como amortiguador de ca\u00eddas. Es importante tener en cuenta que a pesar de &#8230; <a title=\"Con que material rellenamos el arenero?\" class=\"read-more\" href=\"https:\/\/arenesbellpuig.com\/es\/parcs-infantils-nosaltres-tambe-2\/\" aria-label=\"Leer m\u00e1s sobre Con que material rellenamos el arenero?\">Leer m\u00e1s<\/a><\/p>\n","protected":false},"author":1,"featured_media":2716,"comment_status":"open","ping_status":"open","sticky":false,"template":"","format":"standard","meta":{"_acf_changed":false,"_monsterinsights_skip_tracking":false,"_monsterinsights_sitenote_active":false,"_monsterinsights_sitenote_note":"","_monsterinsights_sitenote_category":0,"footnotes":""},"categories":[1],"tags":[],"class_list":["post-2711","post","type-post","status-publish","format-standard","has-post-thumbnail","hentry","category-sin-categoria"],"acf":[],"yoast_head":"<!-- This site is optimized with the Yoast SEO plugin v27.3 - https:\/\/yoast.com\/product\/yoast-seo-wordpress\/ -->\n<title>Con que material rellenamos el arenero? - Arenes Bellpuig ES<\/title>\n<meta name=\"robots\" content=\"index, follow, max-snippet:-1, max-image-preview:large, max-video-preview:-1\" \/>\n<link rel=\"canonical\" href=\"https:\/\/arenesbellpuig.com\/es\/parcs-infantils-nosaltres-tambe-2\/\" \/>\n<meta property=\"og:locale\" content=\"es_ES\" \/>\n<meta property=\"og:type\" content=\"article\" \/>\n<meta property=\"og:title\" content=\"Con que material rellenamos el arenero? - Arenes Bellpuig ES\" \/>\n<meta property=\"og:description\" content=\"\u00c9sta es la pregunta que se hacen a menudo los responsables del mantenimiento o de la construcci\u00f3n de zonas de juegos infantiles. En este \u00e1mbito la calidad del material es fundamental para garantizar que presenta y va a mantener sostenidamente sus capacidades como amortiguador de ca\u00eddas. Es importante tener en cuenta que a pesar de ... Leer m\u00e1s\" \/>\n<meta property=\"og:url\" content=\"https:\/\/arenesbellpuig.com\/es\/parcs-infantils-nosaltres-tambe-2\/\" \/>\n<meta property=\"og:site_name\" content=\"Arenes Bellpuig ES\" \/>\n<meta property=\"article:published_time\" content=\"2021-02-23T10:52:15+00:00\" \/>\n<meta property=\"og:image\" content=\"https:\/\/arenesbellpuig.com\/es\/wp-content\/uploads\/sites\/3\/2019\/11\/201906arena-parcs-infantils-1.jpg\" \/>\n\t<meta property=\"og:image:width\" content=\"750\" \/>\n\t<meta property=\"og:image:height\" content=\"360\" \/>\n\t<meta property=\"og:image:type\" content=\"image\/jpeg\" \/>\n<meta name=\"author\" content=\"up2you\" \/>\n<meta name=\"twitter:card\" content=\"summary_large_image\" \/>\n<meta name=\"twitter:label1\" content=\"Escrito por\" \/>\n\t<meta name=\"twitter:data1\" content=\"up2you\" \/>\n\t<meta name=\"twitter:label2\" content=\"Tiempo de lectura\" \/>\n\t<meta name=\"twitter:data2\" content=\"1 minuto\" \/>\n<script type=\"application\/ld+json\" class=\"yoast-schema-graph\">{\"@context\":\"https:\\\/\\\/schema.org\",\"@graph\":[{\"@type\":\"Article\",\"@id\":\"https:\\\/\\\/arenesbellpuig.com\\\/es\\\/parcs-infantils-nosaltres-tambe-2\\\/#article\",\"isPartOf\":{\"@id\":\"https:\\\/\\\/arenesbellpuig.com\\\/es\\\/parcs-infantils-nosaltres-tambe-2\\\/\"},\"author\":{\"name\":\"up2you\",\"@id\":\"https:\\\/\\\/arenesbellpuig.com\\\/es\\\/#\\\/schema\\\/person\\\/2072a83128e7e04ef7e4b4d5e4a75e73\"},\"headline\":\"Con que material rellenamos el arenero?\",\"datePublished\":\"2021-02-23T10:52:15+00:00\",\"mainEntityOfPage\":{\"@id\":\"https:\\\/\\\/arenesbellpuig.com\\\/es\\\/parcs-infantils-nosaltres-tambe-2\\\/\"},\"wordCount\":172,\"commentCount\":0,\"publisher\":{\"@id\":\"https:\\\/\\\/arenesbellpuig.com\\\/es\\\/#organization\"},\"image\":{\"@id\":\"https:\\\/\\\/arenesbellpuig.com\\\/es\\\/parcs-infantils-nosaltres-tambe-2\\\/#primaryimage\"},\"thumbnailUrl\":\"https:\\\/\\\/arenesbellpuig.com\\\/es\\\/wp-content\\\/uploads\\\/sites\\\/3\\\/2019\\\/11\\\/201906arena-parcs-infantils-1.jpg\",\"inLanguage\":\"es\",\"potentialAction\":[{\"@type\":\"CommentAction\",\"name\":\"Comment\",\"target\":[\"https:\\\/\\\/arenesbellpuig.com\\\/es\\\/parcs-infantils-nosaltres-tambe-2\\\/#respond\"]}]},{\"@type\":\"WebPage\",\"@id\":\"https:\\\/\\\/arenesbellpuig.com\\\/es\\\/parcs-infantils-nosaltres-tambe-2\\\/\",\"url\":\"https:\\\/\\\/arenesbellpuig.com\\\/es\\\/parcs-infantils-nosaltres-tambe-2\\\/\",\"name\":\"Con que material rellenamos el arenero? - Arenes Bellpuig ES\",\"isPartOf\":{\"@id\":\"https:\\\/\\\/arenesbellpuig.com\\\/es\\\/#website\"},\"primaryImageOfPage\":{\"@id\":\"https:\\\/\\\/arenesbellpuig.com\\\/es\\\/parcs-infantils-nosaltres-tambe-2\\\/#primaryimage\"},\"image\":{\"@id\":\"https:\\\/\\\/arenesbellpuig.com\\\/es\\\/parcs-infantils-nosaltres-tambe-2\\\/#primaryimage\"},\"thumbnailUrl\":\"https:\\\/\\\/arenesbellpuig.com\\\/es\\\/wp-content\\\/uploads\\\/sites\\\/3\\\/2019\\\/11\\\/201906arena-parcs-infantils-1.jpg\",\"datePublished\":\"2021-02-23T10:52:15+00:00\",\"breadcrumb\":{\"@id\":\"https:\\\/\\\/arenesbellpuig.com\\\/es\\\/parcs-infantils-nosaltres-tambe-2\\\/#breadcrumb\"},\"inLanguage\":\"es\",\"potentialAction\":[{\"@type\":\"ReadAction\",\"target\":[\"https:\\\/\\\/arenesbellpuig.com\\\/es\\\/parcs-infantils-nosaltres-tambe-2\\\/\"]}]},{\"@type\":\"ImageObject\",\"inLanguage\":\"es\",\"@id\":\"https:\\\/\\\/arenesbellpuig.com\\\/es\\\/parcs-infantils-nosaltres-tambe-2\\\/#primaryimage\",\"url\":\"https:\\\/\\\/arenesbellpuig.com\\\/es\\\/wp-content\\\/uploads\\\/sites\\\/3\\\/2019\\\/11\\\/201906arena-parcs-infantils-1.jpg\",\"contentUrl\":\"https:\\\/\\\/arenesbellpuig.com\\\/es\\\/wp-content\\\/uploads\\\/sites\\\/3\\\/2019\\\/11\\\/201906arena-parcs-infantils-1.jpg\",\"width\":750,\"height\":360},{\"@type\":\"BreadcrumbList\",\"@id\":\"https:\\\/\\\/arenesbellpuig.com\\\/es\\\/parcs-infantils-nosaltres-tambe-2\\\/#breadcrumb\",\"itemListElement\":[{\"@type\":\"ListItem\",\"position\":1,\"name\":\"Portada\",\"item\":\"https:\\\/\\\/arenesbellpuig.com\\\/es\\\/\"},{\"@type\":\"ListItem\",\"position\":2,\"name\":\"Con que material rellenamos el arenero?\"}]},{\"@type\":\"WebSite\",\"@id\":\"https:\\\/\\\/arenesbellpuig.com\\\/es\\\/#website\",\"url\":\"https:\\\/\\\/arenesbellpuig.com\\\/es\\\/\",\"name\":\"Arenes Bellpuig ES\",\"description\":\"\u00c1ridos y Morteros\",\"publisher\":{\"@id\":\"https:\\\/\\\/arenesbellpuig.com\\\/es\\\/#organization\"},\"potentialAction\":[{\"@type\":\"SearchAction\",\"target\":{\"@type\":\"EntryPoint\",\"urlTemplate\":\"https:\\\/\\\/arenesbellpuig.com\\\/es\\\/?s={search_term_string}\"},\"query-input\":{\"@type\":\"PropertyValueSpecification\",\"valueRequired\":true,\"valueName\":\"search_term_string\"}}],\"inLanguage\":\"es\"},{\"@type\":\"Organization\",\"@id\":\"https:\\\/\\\/arenesbellpuig.com\\\/es\\\/#organization\",\"name\":\"Arenes Bellpuig ES\",\"url\":\"https:\\\/\\\/arenesbellpuig.com\\\/es\\\/\",\"logo\":{\"@type\":\"ImageObject\",\"inLanguage\":\"es\",\"@id\":\"https:\\\/\\\/arenesbellpuig.com\\\/es\\\/#\\\/schema\\\/logo\\\/image\\\/\",\"url\":\"https:\\\/\\\/arenesbellpuig.com\\\/es\\\/wp-content\\\/uploads\\\/sites\\\/3\\\/2023\\\/06\\\/cropped-00.-ARENES-BELLPUIG-1.png\",\"contentUrl\":\"https:\\\/\\\/arenesbellpuig.com\\\/es\\\/wp-content\\\/uploads\\\/sites\\\/3\\\/2023\\\/06\\\/cropped-00.-ARENES-BELLPUIG-1.png\",\"width\":400,\"height\":133,\"caption\":\"Arenes Bellpuig ES\"},\"image\":{\"@id\":\"https:\\\/\\\/arenesbellpuig.com\\\/es\\\/#\\\/schema\\\/logo\\\/image\\\/\"}},{\"@type\":\"Person\",\"@id\":\"https:\\\/\\\/arenesbellpuig.com\\\/es\\\/#\\\/schema\\\/person\\\/2072a83128e7e04ef7e4b4d5e4a75e73\",\"name\":\"up2you\",\"image\":{\"@type\":\"ImageObject\",\"inLanguage\":\"es\",\"@id\":\"https:\\\/\\\/secure.gravatar.com\\\/avatar\\\/26aac4a3e8f48bc9bd14eafffc238823e10e8b8a32106379ffa10e4850a0eabd?s=96&d=mm&r=g\",\"url\":\"https:\\\/\\\/secure.gravatar.com\\\/avatar\\\/26aac4a3e8f48bc9bd14eafffc238823e10e8b8a32106379ffa10e4850a0eabd?s=96&d=mm&r=g\",\"contentUrl\":\"https:\\\/\\\/secure.gravatar.com\\\/avatar\\\/26aac4a3e8f48bc9bd14eafffc238823e10e8b8a32106379ffa10e4850a0eabd?s=96&d=mm&r=g\",\"caption\":\"up2you\"},\"url\":\"https:\\\/\\\/arenesbellpuig.com\\\/es\\\/author\\\/up2you\\\/\"}]}<\/script>\n<!-- \/ Yoast SEO plugin. -->","yoast_head_json":{"title":"Con que material rellenamos el arenero? - Arenes Bellpuig ES","robots":{"index":"index","follow":"follow","max-snippet":"max-snippet:-1","max-image-preview":"max-image-preview:large","max-video-preview":"max-video-preview:-1"},"canonical":"https:\/\/arenesbellpuig.com\/es\/parcs-infantils-nosaltres-tambe-2\/","og_locale":"es_ES","og_type":"article","og_title":"Con que material rellenamos el arenero? - Arenes Bellpuig ES","og_description":"\u00c9sta es la pregunta que se hacen a menudo los responsables del mantenimiento o de la construcci\u00f3n de zonas de juegos infantiles. En este \u00e1mbito la calidad del material es fundamental para garantizar que presenta y va a mantener sostenidamente sus capacidades como amortiguador de ca\u00eddas. Es importante tener en cuenta que a pesar de ... Leer m\u00e1s","og_url":"https:\/\/arenesbellpuig.com\/es\/parcs-infantils-nosaltres-tambe-2\/","og_site_name":"Arenes Bellpuig ES","article_published_time":"2021-02-23T10:52:15+00:00","og_image":[{"width":750,"height":360,"url":"https:\/\/arenesbellpuig.com\/es\/wp-content\/uploads\/sites\/3\/2019\/11\/201906arena-parcs-infantils-1.jpg","type":"image\/jpeg"}],"author":"up2you","twitter_card":"summary_large_image","twitter_misc":{"Escrito por":"up2you","Tiempo de lectura":"1 minuto"},"schema":{"@context":"https:\/\/schema.org","@graph":[{"@type":"Article","@id":"https:\/\/arenesbellpuig.com\/es\/parcs-infantils-nosaltres-tambe-2\/#article","isPartOf":{"@id":"https:\/\/arenesbellpuig.com\/es\/parcs-infantils-nosaltres-tambe-2\/"},"author":{"name":"up2you","@id":"https:\/\/arenesbellpuig.com\/es\/#\/schema\/person\/2072a83128e7e04ef7e4b4d5e4a75e73"},"headline":"Con que material rellenamos el arenero?","datePublished":"2021-02-23T10:52:15+00:00","mainEntityOfPage":{"@id":"https:\/\/arenesbellpuig.com\/es\/parcs-infantils-nosaltres-tambe-2\/"},"wordCount":172,"commentCount":0,"publisher":{"@id":"https:\/\/arenesbellpuig.com\/es\/#organization"},"image":{"@id":"https:\/\/arenesbellpuig.com\/es\/parcs-infantils-nosaltres-tambe-2\/#primaryimage"},"thumbnailUrl":"https:\/\/arenesbellpuig.com\/es\/wp-content\/uploads\/sites\/3\/2019\/11\/201906arena-parcs-infantils-1.jpg","inLanguage":"es","potentialAction":[{"@type":"CommentAction","name":"Comment","target":["https:\/\/arenesbellpuig.com\/es\/parcs-infantils-nosaltres-tambe-2\/#respond"]}]},{"@type":"WebPage","@id":"https:\/\/arenesbellpuig.com\/es\/parcs-infantils-nosaltres-tambe-2\/","url":"https:\/\/arenesbellpuig.com\/es\/parcs-infantils-nosaltres-tambe-2\/","name":"Con que material rellenamos el arenero? - Arenes Bellpuig ES","isPartOf":{"@id":"https:\/\/arenesbellpuig.com\/es\/#website"},"primaryImageOfPage":{"@id":"https:\/\/arenesbellpuig.com\/es\/parcs-infantils-nosaltres-tambe-2\/#primaryimage"},"image":{"@id":"https:\/\/arenesbellpuig.com\/es\/parcs-infantils-nosaltres-tambe-2\/#primaryimage"},"thumbnailUrl":"https:\/\/arenesbellpuig.com\/es\/wp-content\/uploads\/sites\/3\/2019\/11\/201906arena-parcs-infantils-1.jpg","datePublished":"2021-02-23T10:52:15+00:00","breadcrumb":{"@id":"https:\/\/arenesbellpuig.com\/es\/parcs-infantils-nosaltres-tambe-2\/#breadcrumb"},"inLanguage":"es","potentialAction":[{"@type":"ReadAction","target":["https:\/\/arenesbellpuig.com\/es\/parcs-infantils-nosaltres-tambe-2\/"]}]},{"@type":"ImageObject","inLanguage":"es","@id":"https:\/\/arenesbellpuig.com\/es\/parcs-infantils-nosaltres-tambe-2\/#primaryimage","url":"https:\/\/arenesbellpuig.com\/es\/wp-content\/uploads\/sites\/3\/2019\/11\/201906arena-parcs-infantils-1.jpg","contentUrl":"https:\/\/arenesbellpuig.com\/es\/wp-content\/uploads\/sites\/3\/2019\/11\/201906arena-parcs-infantils-1.jpg","width":750,"height":360},{"@type":"BreadcrumbList","@id":"https:\/\/arenesbellpuig.com\/es\/parcs-infantils-nosaltres-tambe-2\/#breadcrumb","itemListElement":[{"@type":"ListItem","position":1,"name":"Portada","item":"https:\/\/arenesbellpuig.com\/es\/"},{"@type":"ListItem","position":2,"name":"Con que material rellenamos el arenero?"}]},{"@type":"WebSite","@id":"https:\/\/arenesbellpuig.com\/es\/#website","url":"https:\/\/arenesbellpuig.com\/es\/","name":"Arenes Bellpuig ES","description":"\u00c1ridos y Morteros","publisher":{"@id":"https:\/\/arenesbellpuig.com\/es\/#organization"},"potentialAction":[{"@type":"SearchAction","target":{"@type":"EntryPoint","urlTemplate":"https:\/\/arenesbellpuig.com\/es\/?s={search_term_string}"},"query-input":{"@type":"PropertyValueSpecification","valueRequired":true,"valueName":"search_term_string"}}],"inLanguage":"es"},{"@type":"Organization","@id":"https:\/\/arenesbellpuig.com\/es\/#organization","name":"Arenes Bellpuig ES","url":"https:\/\/arenesbellpuig.com\/es\/","logo":{"@type":"ImageObject","inLanguage":"es","@id":"https:\/\/arenesbellpuig.com\/es\/#\/schema\/logo\/image\/","url":"https:\/\/arenesbellpuig.com\/es\/wp-content\/uploads\/sites\/3\/2023\/06\/cropped-00.-ARENES-BELLPUIG-1.png","contentUrl":"https:\/\/arenesbellpuig.com\/es\/wp-content\/uploads\/sites\/3\/2023\/06\/cropped-00.-ARENES-BELLPUIG-1.png","width":400,"height":133,"caption":"Arenes Bellpuig ES"},"image":{"@id":"https:\/\/arenesbellpuig.com\/es\/#\/schema\/logo\/image\/"}},{"@type":"Person","@id":"https:\/\/arenesbellpuig.com\/es\/#\/schema\/person\/2072a83128e7e04ef7e4b4d5e4a75e73","name":"up2you","image":{"@type":"ImageObject","inLanguage":"es","@id":"https:\/\/secure.gravatar.com\/avatar\/26aac4a3e8f48bc9bd14eafffc238823e10e8b8a32106379ffa10e4850a0eabd?s=96&d=mm&r=g","url":"https:\/\/secure.gravatar.com\/avatar\/26aac4a3e8f48bc9bd14eafffc238823e10e8b8a32106379ffa10e4850a0eabd?s=96&d=mm&r=g","contentUrl":"https:\/\/secure.gravatar.com\/avatar\/26aac4a3e8f48bc9bd14eafffc238823e10e8b8a32106379ffa10e4850a0eabd?s=96&d=mm&r=g","caption":"up2you"},"url":"https:\/\/arenesbellpuig.com\/es\/author\/up2you\/"}]}},"_links":{"self":[{"href":"https:\/\/arenesbellpuig.com\/es\/wp-json\/wp\/v2\/posts\/2711","targetHints":{"allow":["GET"]}}],"collection":[{"href":"https:\/\/arenesbellpuig.com\/es\/wp-json\/wp\/v2\/posts"}],"about":[{"href":"https:\/\/arenesbellpuig.com\/es\/wp-json\/wp\/v2\/types\/post"}],"author":[{"embeddable":true,"href":"https:\/\/arenesbellpuig.com\/es\/wp-json\/wp\/v2\/users\/1"}],"replies":[{"embeddable":true,"href":"https:\/\/arenesbellpuig.com\/es\/wp-json\/wp\/v2\/comments?post=2711"}],"version-history":[{"count":1,"href":"https:\/\/arenesbellpuig.com\/es\/wp-json\/wp\/v2\/posts\/2711\/revisions"}],"predecessor-version":[{"id":2713,"href":"https:\/\/arenesbellpuig.com\/es\/wp-json\/wp\/v2\/posts\/2711\/revisions\/2713"}],"wp:featuredmedia":[{"embeddable":true,"href":"https:\/\/arenesbellpuig.com\/es\/wp-json\/wp\/v2\/media\/2716"}],"wp:attachment":[{"href":"https:\/\/arenesbellpuig.com\/es\/wp-json\/wp\/v2\/media?parent=2711"}],"wp:term":[{"taxonomy":"category","embeddable":true,"href":"https:\/\/arenesbellpuig.com\/es\/wp-json\/wp\/v2\/categories?post=2711"},{"taxonomy":"post_tag","embeddable":true,"href":"https:\/\/arenesbellpuig.com\/es\/wp-json\/wp\/v2\/tags?post=2711"}],"curies":[{"name":"wp","href":"https:\/\/api.w.org\/{rel}","templated":true}]}}