{"id":2701,"date":"2021-01-26T14:00:43","date_gmt":"2021-01-26T14:00:43","guid":{"rendered":"http:\/\/arenesbellpuig.com\/es\/?p=2701"},"modified":"2023-06-14T07:03:37","modified_gmt":"2023-06-14T07:03:37","slug":"renovem-flota-millorem-servei-2","status":"publish","type":"post","link":"https:\/\/arenesbellpuig.com\/es\/renovem-flota-millorem-servei-2\/","title":{"rendered":"Renovamos flota, mejoramos el servicio"},"content":{"rendered":"<p>Desde este mes de abril ya est\u00e1n operativas cinco unidades mas de transporte, cuatro tractoraras y un r\u00edgido cuatro ejes con la finalidad de seguir prestando el mejor servicio a nuestros clientes. Estos nuevos veh\u00edculos son camiones de \u00faltima generaci\u00f3n que incorporan los sistemas mas avanzados, motores euro VI y cambio autom\u00e1tico. Son veh\u00edculos resistentes y muy eficientes en el consumo de combustible siendo mas respetuosos con el Medio Ambiente. Con estas incorporaciones se consolida el cambio de color, del hist\u00f3rico rojo al blanco, con el objetivo de mejorar la imagen y eficiencia de toda la flota.<\/p>\n","protected":false},"excerpt":{"rendered":"<p>Desde este mes de abril ya est\u00e1n operativas cinco unidades mas de transporte, cuatro tractoraras y un r\u00edgido cuatro ejes con la finalidad de seguir prestando el mejor servicio a nuestros clientes. Estos nuevos veh\u00edculos son camiones de \u00faltima generaci\u00f3n que incorporan los sistemas mas avanzados, motores euro VI y cambio autom\u00e1tico. Son veh\u00edculos resistentes &#8230; <a title=\"Renovamos flota, mejoramos el servicio\" class=\"read-more\" href=\"https:\/\/arenesbellpuig.com\/es\/renovem-flota-millorem-servei-2\/\" aria-label=\"Leer m\u00e1s sobre Renovamos flota, mejoramos el servicio\">Leer m\u00e1s<\/a><\/p>\n","protected":false},"author":1,"featured_media":2710,"comment_status":"open","ping_status":"open","sticky":false,"template":"","format":"standard","meta":{"_acf_changed":false,"_monsterinsights_skip_tracking":false,"_monsterinsights_sitenote_active":false,"_monsterinsights_sitenote_note":"","_monsterinsights_sitenote_category":0,"footnotes":""},"categories":[1],"tags":[],"class_list":["post-2701","post","type-post","status-publish","format-standard","has-post-thumbnail","hentry","category-sin-categoria"],"acf":[],"yoast_head":"<!-- This site is optimized with the Yoast SEO plugin v27.3 - https:\/\/yoast.com\/product\/yoast-seo-wordpress\/ -->\n<title>Renovamos flota, mejoramos el servicio - Arenes Bellpuig ES<\/title>\n<meta name=\"robots\" content=\"index, follow, max-snippet:-1, max-image-preview:large, max-video-preview:-1\" \/>\n<link rel=\"canonical\" href=\"https:\/\/arenesbellpuig.com\/es\/renovem-flota-millorem-servei-2\/\" \/>\n<meta property=\"og:locale\" content=\"es_ES\" \/>\n<meta property=\"og:type\" content=\"article\" \/>\n<meta property=\"og:title\" content=\"Renovamos flota, mejoramos el servicio - Arenes Bellpuig ES\" \/>\n<meta property=\"og:description\" content=\"Desde este mes de abril ya est\u00e1n operativas cinco unidades mas de transporte, cuatro tractoraras y un r\u00edgido cuatro ejes con la finalidad de seguir prestando el mejor servicio a nuestros clientes. Estos nuevos veh\u00edculos son camiones de \u00faltima generaci\u00f3n que incorporan los sistemas mas avanzados, motores euro VI y cambio autom\u00e1tico. Son veh\u00edculos resistentes ... Leer m\u00e1s\" \/>\n<meta property=\"og:url\" content=\"https:\/\/arenesbellpuig.com\/es\/renovem-flota-millorem-servei-2\/\" \/>\n<meta property=\"og:site_name\" content=\"Arenes Bellpuig ES\" \/>\n<meta property=\"article:published_time\" content=\"2021-01-26T14:00:43+00:00\" \/>\n<meta property=\"article:modified_time\" content=\"2023-06-14T07:03:37+00:00\" \/>\n<meta property=\"og:image\" content=\"https:\/\/arenesbellpuig.com\/es\/wp-content\/uploads\/sites\/3\/2019\/11\/201904nous-vehicles-arenes-bellpuig.jpg\" \/>\n\t<meta property=\"og:image:width\" content=\"750\" \/>\n\t<meta property=\"og:image:height\" content=\"360\" \/>\n\t<meta property=\"og:image:type\" content=\"image\/jpeg\" \/>\n<meta name=\"author\" content=\"up2you\" \/>\n<meta name=\"twitter:card\" content=\"summary_large_image\" \/>\n<meta name=\"twitter:label1\" content=\"Escrito por\" \/>\n\t<meta name=\"twitter:data1\" content=\"up2you\" \/>\n\t<meta name=\"twitter:label2\" content=\"Tiempo de lectura\" \/>\n\t<meta name=\"twitter:data2\" content=\"1 minuto\" \/>\n<script type=\"application\/ld+json\" class=\"yoast-schema-graph\">{\"@context\":\"https:\\\/\\\/schema.org\",\"@graph\":[{\"@type\":\"Article\",\"@id\":\"https:\\\/\\\/arenesbellpuig.com\\\/es\\\/renovem-flota-millorem-servei-2\\\/#article\",\"isPartOf\":{\"@id\":\"https:\\\/\\\/arenesbellpuig.com\\\/es\\\/renovem-flota-millorem-servei-2\\\/\"},\"author\":{\"name\":\"up2you\",\"@id\":\"https:\\\/\\\/arenesbellpuig.com\\\/es\\\/#\\\/schema\\\/person\\\/2072a83128e7e04ef7e4b4d5e4a75e73\"},\"headline\":\"Renovamos flota, mejoramos el servicio\",\"datePublished\":\"2021-01-26T14:00:43+00:00\",\"dateModified\":\"2023-06-14T07:03:37+00:00\",\"mainEntityOfPage\":{\"@id\":\"https:\\\/\\\/arenesbellpuig.com\\\/es\\\/renovem-flota-millorem-servei-2\\\/\"},\"wordCount\":109,\"commentCount\":0,\"publisher\":{\"@id\":\"https:\\\/\\\/arenesbellpuig.com\\\/es\\\/#organization\"},\"image\":{\"@id\":\"https:\\\/\\\/arenesbellpuig.com\\\/es\\\/renovem-flota-millorem-servei-2\\\/#primaryimage\"},\"thumbnailUrl\":\"https:\\\/\\\/arenesbellpuig.com\\\/es\\\/wp-content\\\/uploads\\\/sites\\\/3\\\/2019\\\/11\\\/201904nous-vehicles-arenes-bellpuig.jpg\",\"inLanguage\":\"es\",\"potentialAction\":[{\"@type\":\"CommentAction\",\"name\":\"Comment\",\"target\":[\"https:\\\/\\\/arenesbellpuig.com\\\/es\\\/renovem-flota-millorem-servei-2\\\/#respond\"]}]},{\"@type\":\"WebPage\",\"@id\":\"https:\\\/\\\/arenesbellpuig.com\\\/es\\\/renovem-flota-millorem-servei-2\\\/\",\"url\":\"https:\\\/\\\/arenesbellpuig.com\\\/es\\\/renovem-flota-millorem-servei-2\\\/\",\"name\":\"Renovamos flota, mejoramos el servicio - Arenes Bellpuig ES\",\"isPartOf\":{\"@id\":\"https:\\\/\\\/arenesbellpuig.com\\\/es\\\/#website\"},\"primaryImageOfPage\":{\"@id\":\"https:\\\/\\\/arenesbellpuig.com\\\/es\\\/renovem-flota-millorem-servei-2\\\/#primaryimage\"},\"image\":{\"@id\":\"https:\\\/\\\/arenesbellpuig.com\\\/es\\\/renovem-flota-millorem-servei-2\\\/#primaryimage\"},\"thumbnailUrl\":\"https:\\\/\\\/arenesbellpuig.com\\\/es\\\/wp-content\\\/uploads\\\/sites\\\/3\\\/2019\\\/11\\\/201904nous-vehicles-arenes-bellpuig.jpg\",\"datePublished\":\"2021-01-26T14:00:43+00:00\",\"dateModified\":\"2023-06-14T07:03:37+00:00\",\"breadcrumb\":{\"@id\":\"https:\\\/\\\/arenesbellpuig.com\\\/es\\\/renovem-flota-millorem-servei-2\\\/#breadcrumb\"},\"inLanguage\":\"es\",\"potentialAction\":[{\"@type\":\"ReadAction\",\"target\":[\"https:\\\/\\\/arenesbellpuig.com\\\/es\\\/renovem-flota-millorem-servei-2\\\/\"]}]},{\"@type\":\"ImageObject\",\"inLanguage\":\"es\",\"@id\":\"https:\\\/\\\/arenesbellpuig.com\\\/es\\\/renovem-flota-millorem-servei-2\\\/#primaryimage\",\"url\":\"https:\\\/\\\/arenesbellpuig.com\\\/es\\\/wp-content\\\/uploads\\\/sites\\\/3\\\/2019\\\/11\\\/201904nous-vehicles-arenes-bellpuig.jpg\",\"contentUrl\":\"https:\\\/\\\/arenesbellpuig.com\\\/es\\\/wp-content\\\/uploads\\\/sites\\\/3\\\/2019\\\/11\\\/201904nous-vehicles-arenes-bellpuig.jpg\",\"width\":750,\"height\":360},{\"@type\":\"BreadcrumbList\",\"@id\":\"https:\\\/\\\/arenesbellpuig.com\\\/es\\\/renovem-flota-millorem-servei-2\\\/#breadcrumb\",\"itemListElement\":[{\"@type\":\"ListItem\",\"position\":1,\"name\":\"Portada\",\"item\":\"https:\\\/\\\/arenesbellpuig.com\\\/es\\\/\"},{\"@type\":\"ListItem\",\"position\":2,\"name\":\"Renovamos flota, mejoramos el servicio\"}]},{\"@type\":\"WebSite\",\"@id\":\"https:\\\/\\\/arenesbellpuig.com\\\/es\\\/#website\",\"url\":\"https:\\\/\\\/arenesbellpuig.com\\\/es\\\/\",\"name\":\"Arenes Bellpuig ES\",\"description\":\"\u00c1ridos y Morteros\",\"publisher\":{\"@id\":\"https:\\\/\\\/arenesbellpuig.com\\\/es\\\/#organization\"},\"potentialAction\":[{\"@type\":\"SearchAction\",\"target\":{\"@type\":\"EntryPoint\",\"urlTemplate\":\"https:\\\/\\\/arenesbellpuig.com\\\/es\\\/?s={search_term_string}\"},\"query-input\":{\"@type\":\"PropertyValueSpecification\",\"valueRequired\":true,\"valueName\":\"search_term_string\"}}],\"inLanguage\":\"es\"},{\"@type\":\"Organization\",\"@id\":\"https:\\\/\\\/arenesbellpuig.com\\\/es\\\/#organization\",\"name\":\"Arenes Bellpuig ES\",\"url\":\"https:\\\/\\\/arenesbellpuig.com\\\/es\\\/\",\"logo\":{\"@type\":\"ImageObject\",\"inLanguage\":\"es\",\"@id\":\"https:\\\/\\\/arenesbellpuig.com\\\/es\\\/#\\\/schema\\\/logo\\\/image\\\/\",\"url\":\"https:\\\/\\\/arenesbellpuig.com\\\/es\\\/wp-content\\\/uploads\\\/sites\\\/3\\\/2023\\\/06\\\/cropped-00.-ARENES-BELLPUIG-1.png\",\"contentUrl\":\"https:\\\/\\\/arenesbellpuig.com\\\/es\\\/wp-content\\\/uploads\\\/sites\\\/3\\\/2023\\\/06\\\/cropped-00.-ARENES-BELLPUIG-1.png\",\"width\":400,\"height\":133,\"caption\":\"Arenes Bellpuig ES\"},\"image\":{\"@id\":\"https:\\\/\\\/arenesbellpuig.com\\\/es\\\/#\\\/schema\\\/logo\\\/image\\\/\"}},{\"@type\":\"Person\",\"@id\":\"https:\\\/\\\/arenesbellpuig.com\\\/es\\\/#\\\/schema\\\/person\\\/2072a83128e7e04ef7e4b4d5e4a75e73\",\"name\":\"up2you\",\"image\":{\"@type\":\"ImageObject\",\"inLanguage\":\"es\",\"@id\":\"https:\\\/\\\/secure.gravatar.com\\\/avatar\\\/26aac4a3e8f48bc9bd14eafffc238823e10e8b8a32106379ffa10e4850a0eabd?s=96&d=mm&r=g\",\"url\":\"https:\\\/\\\/secure.gravatar.com\\\/avatar\\\/26aac4a3e8f48bc9bd14eafffc238823e10e8b8a32106379ffa10e4850a0eabd?s=96&d=mm&r=g\",\"contentUrl\":\"https:\\\/\\\/secure.gravatar.com\\\/avatar\\\/26aac4a3e8f48bc9bd14eafffc238823e10e8b8a32106379ffa10e4850a0eabd?s=96&d=mm&r=g\",\"caption\":\"up2you\"},\"url\":\"https:\\\/\\\/arenesbellpuig.com\\\/es\\\/author\\\/up2you\\\/\"}]}<\/script>\n<!-- \/ Yoast SEO plugin. -->","yoast_head_json":{"title":"Renovamos flota, mejoramos el servicio - Arenes Bellpuig ES","robots":{"index":"index","follow":"follow","max-snippet":"max-snippet:-1","max-image-preview":"max-image-preview:large","max-video-preview":"max-video-preview:-1"},"canonical":"https:\/\/arenesbellpuig.com\/es\/renovem-flota-millorem-servei-2\/","og_locale":"es_ES","og_type":"article","og_title":"Renovamos flota, mejoramos el servicio - Arenes Bellpuig ES","og_description":"Desde este mes de abril ya est\u00e1n operativas cinco unidades mas de transporte, cuatro tractoraras y un r\u00edgido cuatro ejes con la finalidad de seguir prestando el mejor servicio a nuestros clientes. Estos nuevos veh\u00edculos son camiones de \u00faltima generaci\u00f3n que incorporan los sistemas mas avanzados, motores euro VI y cambio autom\u00e1tico. Son veh\u00edculos resistentes ... Leer m\u00e1s","og_url":"https:\/\/arenesbellpuig.com\/es\/renovem-flota-millorem-servei-2\/","og_site_name":"Arenes Bellpuig ES","article_published_time":"2021-01-26T14:00:43+00:00","article_modified_time":"2023-06-14T07:03:37+00:00","og_image":[{"width":750,"height":360,"url":"https:\/\/arenesbellpuig.com\/es\/wp-content\/uploads\/sites\/3\/2019\/11\/201904nous-vehicles-arenes-bellpuig.jpg","type":"image\/jpeg"}],"author":"up2you","twitter_card":"summary_large_image","twitter_misc":{"Escrito por":"up2you","Tiempo de lectura":"1 minuto"},"schema":{"@context":"https:\/\/schema.org","@graph":[{"@type":"Article","@id":"https:\/\/arenesbellpuig.com\/es\/renovem-flota-millorem-servei-2\/#article","isPartOf":{"@id":"https:\/\/arenesbellpuig.com\/es\/renovem-flota-millorem-servei-2\/"},"author":{"name":"up2you","@id":"https:\/\/arenesbellpuig.com\/es\/#\/schema\/person\/2072a83128e7e04ef7e4b4d5e4a75e73"},"headline":"Renovamos flota, mejoramos el servicio","datePublished":"2021-01-26T14:00:43+00:00","dateModified":"2023-06-14T07:03:37+00:00","mainEntityOfPage":{"@id":"https:\/\/arenesbellpuig.com\/es\/renovem-flota-millorem-servei-2\/"},"wordCount":109,"commentCount":0,"publisher":{"@id":"https:\/\/arenesbellpuig.com\/es\/#organization"},"image":{"@id":"https:\/\/arenesbellpuig.com\/es\/renovem-flota-millorem-servei-2\/#primaryimage"},"thumbnailUrl":"https:\/\/arenesbellpuig.com\/es\/wp-content\/uploads\/sites\/3\/2019\/11\/201904nous-vehicles-arenes-bellpuig.jpg","inLanguage":"es","potentialAction":[{"@type":"CommentAction","name":"Comment","target":["https:\/\/arenesbellpuig.com\/es\/renovem-flota-millorem-servei-2\/#respond"]}]},{"@type":"WebPage","@id":"https:\/\/arenesbellpuig.com\/es\/renovem-flota-millorem-servei-2\/","url":"https:\/\/arenesbellpuig.com\/es\/renovem-flota-millorem-servei-2\/","name":"Renovamos flota, mejoramos el servicio - Arenes Bellpuig ES","isPartOf":{"@id":"https:\/\/arenesbellpuig.com\/es\/#website"},"primaryImageOfPage":{"@id":"https:\/\/arenesbellpuig.com\/es\/renovem-flota-millorem-servei-2\/#primaryimage"},"image":{"@id":"https:\/\/arenesbellpuig.com\/es\/renovem-flota-millorem-servei-2\/#primaryimage"},"thumbnailUrl":"https:\/\/arenesbellpuig.com\/es\/wp-content\/uploads\/sites\/3\/2019\/11\/201904nous-vehicles-arenes-bellpuig.jpg","datePublished":"2021-01-26T14:00:43+00:00","dateModified":"2023-06-14T07:03:37+00:00","breadcrumb":{"@id":"https:\/\/arenesbellpuig.com\/es\/renovem-flota-millorem-servei-2\/#breadcrumb"},"inLanguage":"es","potentialAction":[{"@type":"ReadAction","target":["https:\/\/arenesbellpuig.com\/es\/renovem-flota-millorem-servei-2\/"]}]},{"@type":"ImageObject","inLanguage":"es","@id":"https:\/\/arenesbellpuig.com\/es\/renovem-flota-millorem-servei-2\/#primaryimage","url":"https:\/\/arenesbellpuig.com\/es\/wp-content\/uploads\/sites\/3\/2019\/11\/201904nous-vehicles-arenes-bellpuig.jpg","contentUrl":"https:\/\/arenesbellpuig.com\/es\/wp-content\/uploads\/sites\/3\/2019\/11\/201904nous-vehicles-arenes-bellpuig.jpg","width":750,"height":360},{"@type":"BreadcrumbList","@id":"https:\/\/arenesbellpuig.com\/es\/renovem-flota-millorem-servei-2\/#breadcrumb","itemListElement":[{"@type":"ListItem","position":1,"name":"Portada","item":"https:\/\/arenesbellpuig.com\/es\/"},{"@type":"ListItem","position":2,"name":"Renovamos flota, mejoramos el servicio"}]},{"@type":"WebSite","@id":"https:\/\/arenesbellpuig.com\/es\/#website","url":"https:\/\/arenesbellpuig.com\/es\/","name":"Arenes Bellpuig ES","description":"\u00c1ridos y Morteros","publisher":{"@id":"https:\/\/arenesbellpuig.com\/es\/#organization"},"potentialAction":[{"@type":"SearchAction","target":{"@type":"EntryPoint","urlTemplate":"https:\/\/arenesbellpuig.com\/es\/?s={search_term_string}"},"query-input":{"@type":"PropertyValueSpecification","valueRequired":true,"valueName":"search_term_string"}}],"inLanguage":"es"},{"@type":"Organization","@id":"https:\/\/arenesbellpuig.com\/es\/#organization","name":"Arenes Bellpuig ES","url":"https:\/\/arenesbellpuig.com\/es\/","logo":{"@type":"ImageObject","inLanguage":"es","@id":"https:\/\/arenesbellpuig.com\/es\/#\/schema\/logo\/image\/","url":"https:\/\/arenesbellpuig.com\/es\/wp-content\/uploads\/sites\/3\/2023\/06\/cropped-00.-ARENES-BELLPUIG-1.png","contentUrl":"https:\/\/arenesbellpuig.com\/es\/wp-content\/uploads\/sites\/3\/2023\/06\/cropped-00.-ARENES-BELLPUIG-1.png","width":400,"height":133,"caption":"Arenes Bellpuig ES"},"image":{"@id":"https:\/\/arenesbellpuig.com\/es\/#\/schema\/logo\/image\/"}},{"@type":"Person","@id":"https:\/\/arenesbellpuig.com\/es\/#\/schema\/person\/2072a83128e7e04ef7e4b4d5e4a75e73","name":"up2you","image":{"@type":"ImageObject","inLanguage":"es","@id":"https:\/\/secure.gravatar.com\/avatar\/26aac4a3e8f48bc9bd14eafffc238823e10e8b8a32106379ffa10e4850a0eabd?s=96&d=mm&r=g","url":"https:\/\/secure.gravatar.com\/avatar\/26aac4a3e8f48bc9bd14eafffc238823e10e8b8a32106379ffa10e4850a0eabd?s=96&d=mm&r=g","contentUrl":"https:\/\/secure.gravatar.com\/avatar\/26aac4a3e8f48bc9bd14eafffc238823e10e8b8a32106379ffa10e4850a0eabd?s=96&d=mm&r=g","caption":"up2you"},"url":"https:\/\/arenesbellpuig.com\/es\/author\/up2you\/"}]}},"_links":{"self":[{"href":"https:\/\/arenesbellpuig.com\/es\/wp-json\/wp\/v2\/posts\/2701","targetHints":{"allow":["GET"]}}],"collection":[{"href":"https:\/\/arenesbellpuig.com\/es\/wp-json\/wp\/v2\/posts"}],"about":[{"href":"https:\/\/arenesbellpuig.com\/es\/wp-json\/wp\/v2\/types\/post"}],"author":[{"embeddable":true,"href":"https:\/\/arenesbellpuig.com\/es\/wp-json\/wp\/v2\/users\/1"}],"replies":[{"embeddable":true,"href":"https:\/\/arenesbellpuig.com\/es\/wp-json\/wp\/v2\/comments?post=2701"}],"version-history":[{"count":1,"href":"https:\/\/arenesbellpuig.com\/es\/wp-json\/wp\/v2\/posts\/2701\/revisions"}],"predecessor-version":[{"id":2709,"href":"https:\/\/arenesbellpuig.com\/es\/wp-json\/wp\/v2\/posts\/2701\/revisions\/2709"}],"wp:featuredmedia":[{"embeddable":true,"href":"https:\/\/arenesbellpuig.com\/es\/wp-json\/wp\/v2\/media\/2710"}],"wp:attachment":[{"href":"https:\/\/arenesbellpuig.com\/es\/wp-json\/wp\/v2\/media?parent=2701"}],"wp:term":[{"taxonomy":"category","embeddable":true,"href":"https:\/\/arenesbellpuig.com\/es\/wp-json\/wp\/v2\/categories?post=2701"},{"taxonomy":"post_tag","embeddable":true,"href":"https:\/\/arenesbellpuig.com\/es\/wp-json\/wp\/v2\/tags?post=2701"}],"curies":[{"name":"wp","href":"https:\/\/api.w.org\/{rel}","templated":true}]}}